{"id":5004,"date":"2026-06-17T10:23:16","date_gmt":"2026-06-17T08:23:16","guid":{"rendered":"https:\/\/www.realisaprint.es\/actualidad\/?p=5004"},"modified":"2026-09-02T11:15:17","modified_gmt":"2026-09-02T09:15:17","slug":"gafas-sol-personalizadas","status":"publish","type":"post","link":"https:\/\/www.realisaprint.es\/actualidad\/productos\/gafas-sol-personalizadas\/","title":{"rendered":"Gafas de sol personalizadas: el accesorio imprescindible para un verano perfecto"},"content":{"rendered":"\n<p>Con la llegada del buen tiempo, las empresas buscan soportes de comunicaci\u00f3n que sean \u00fatiles, visibles y atractivos para el p\u00fablico. Las <strong><a href=\"https:\/\/www.realisaprint.es\/regalos-playa\/gafas-personalizadas-t67.html\">gafas de sol personalizadas<\/a><\/strong> cumplen perfectamente con estos requisitos. Todo un imprescindible de las campa\u00f1as de verano, permiten difundir eficazmente la imagen de una marca al mismo tiempo que ofrecen un accesorio pr\u00e1ctico que los usuarios querr\u00e1n conservar.<\/p>\n\n\n\n<p>Para los profesionales, las <strong>gafas de sol<\/strong> representan una excelente oportunidad para ampliar su oferta con un objeto promocional moderno, econ\u00f3mico y de gran valor. Distribuidas durante eventos o integradas en una estrategia de comunicaci\u00f3n, ofrecen una visibilidad duradera a la marca de tus clientes. Descubre todo lo que necesitas saber sobre las gafas de sol personalizadas.<\/p>\n\n\n\n<h2 class=\"wp-block-heading\"><strong>Gafas de sol personalizadas: un cl\u00e1sico atemporal de la comunicaci\u00f3n a trav\u00e9s de objetos publicitarios<\/strong><\/h2>\n\n\n\n<p>Cada verano, las <strong>gafas de sol personalizadas<\/strong> se consolidan como uno de los objetos publicitarios m\u00e1s eficaces para aumentar la visibilidad de una marca. \u00datiles, econ\u00f3micas y f\u00e1ciles de distribuir, acompa\u00f1an de forma natural a los usuarios durante sus actividades de verano mientras difunden el mensaje publicitario de forma duradera.<\/p>\n\n\n\n<p>Gracias a los diferentes modelos disponibles y a la posibilidad de personalizar el estuche, dispones de una soluci\u00f3n completa para responder a las necesidades de comunicaci\u00f3n de tus clientes. Ya sea para un festival, una feria profesional, un evento deportivo o una acci\u00f3n de marketing, las <strong>gafas de sol publicitarias<\/strong> siguen siendo una apuesta segura para crear una comunicaci\u00f3n de verano eficaz, memorable y con gran visibilidad.<\/p>\n\n\n\n<h2 class=\"wp-block-heading\"><strong>\u00bfPor qu\u00e9 elegir gafas de sol personalizadas?<\/strong><\/h2>\n\n\n\n<p>Las <strong>gafas de sol personalizadas<\/strong> destacan tanto por su utilidad como por su gran potencial de comunicaci\u00f3n. F\u00e1ciles de distribuir y especialmente apreciadas durante el verano, constituyen un soporte publicitario eficaz para aumentar la visibilidad de una marca. Descubre por qu\u00e9 forman parte de los objetos publicitarios m\u00e1s populares.<\/p>\n\n\n\n<h3 class=\"wp-block-heading\"><strong>Un accesorio \u00fatil y apreciado<\/strong><\/h3>\n\n\n\n<p>A diferencia de muchos regalos promocionales que terminan r\u00e1pidamente olvidados, las <strong>gafas de sol personalizadas<\/strong> encuentran f\u00e1cilmente su lugar en el d\u00eda a d\u00eda de los usuarios.<\/p>\n\n\n\n<p>Vacaciones, festivales, d\u00edas de terraza, eventos deportivos o simples paseos de verano: acompa\u00f1an a sus propietarios durante toda la temporada. Al ofrecer un objeto realmente \u00fatil, tus clientes refuerzan su imagen de marca y crean una experiencia positiva entre sus clientes potenciales, colaboradores o socios.<\/p>\n\n\n\n<h3 class=\"wp-block-heading\"><strong>M\u00e1xima visibilidad en exteriores<\/strong><\/h3>\n\n\n\n<p>Las <strong>gafas de sol publicitarias<\/strong> est\u00e1n hechas para llevarlas. Cada vez que alguien las utiliza, se convierte en un aut\u00e9ntico embajador de la marca.<\/p>\n\n\n\n<p>Durante un festival, una feria al aire libre o un evento deportivo, el logotipo permanece visible durante todo el evento. Esta visibilidad resulta especialmente interesante para las empresas que quieren aumentar su notoriedad entre un p\u00fablico amplio. Cuanto m\u00e1s se utilizan las gafas, mayor es la difusi\u00f3n natural del mensaje publicitario.<\/p>\n\n\n\n<h3 class=\"wp-block-heading\"><strong>Una excelente relaci\u00f3n calidad-precio<\/strong><\/h3>\n\n\n\n<p>Las <strong>gafas de sol personalizadas<\/strong> se encuentran entre los objetos publicitarios que ofrecen una de las mejores relaciones entre coste e impacto de marketing.<\/p>\n\n\n\n<p>Su precio asequible permite equipar f\u00e1cilmente a cientos o incluso miles de participantes durante una acci\u00f3n de comunicaci\u00f3n. Para ti, representan un producto especialmente atractivo, capaz de responder tanto a las necesidades de peque\u00f1as empresas como a campa\u00f1as nacionales de gran alcance.<\/p>\n\n\n\n<h2 class=\"wp-block-heading\"><strong>\u00bfCu\u00e1les son los diferentes modelos de gafas publicitarias personalizables?<\/strong><\/h2>\n\n\n\n<p>En Realisaprint.es ofrecemos actualmente diferentes gamas para responder a las distintas necesidades de las empresas.<\/p>\n\n\n\n<h3 class=\"wp-block-heading\"><strong>Modelos cl\u00e1sicos de pl\u00e1stico<\/strong><\/h3>\n\n\n\n<p>Las <strong>gafas de pl\u00e1stico<\/strong> siguen siendo uno de los grandes cl\u00e1sicos de los objetos publicitarios. Coloridas, ligeras y econ\u00f3micas, son especialmente adecuadas para distribuir en grandes cantidades durante eventos.<\/p>\n\n\n\n<p>Disponibles en numerosos colores, permiten adaptarse f\u00e1cilmente a la identidad visual de la marca de tus clientes. Su popularidad las convierte en un soporte imprescindible para las campa\u00f1as de verano.<\/p>\n\n\n\n<h3 class=\"wp-block-heading\"><strong>Gafas de bamb\u00fa y materiales reciclados<\/strong><\/h3>\n\n\n\n<p>Ante las nuevas expectativas de las empresas en materia de desarrollo sostenible, los <strong>modelos fabricados en bamb\u00fa<\/strong> o con materiales reciclados son cada vez m\u00e1s populares.<\/p>\n\n\n\n<p>Estas <strong>gafas de sol personalizadas<\/strong> permiten combinar comunicaci\u00f3n y compromiso medioambiental. Ayudan a poner en valor las iniciativas de RSC sin renunciar a su gran potencial publicitario. Su aspecto natural tambi\u00e9n aporta un toque premium especialmente apreciado en determinados eventos profesionales o regalos de empresa.<\/p>\n\n\n\n<figure class=\"wp-block-image size-large\" id=\"gafas-de-sol-personalizadas\"><img loading=\"lazy\" decoding=\"async\" width=\"1024\" height=\"682\" src=\"https:\/\/www.realisaprint.es\/actualidad\/wp-content\/uploads\/2026\/09\/ChatGPT-Image-2-sept-2026-10_17_29-1024x682.png\" alt=\"Gafas de sol personalizadas para publicidad y eventos de verano\" class=\"wp-image-5007\" srcset=\"https:\/\/www.realisaprint.es\/actualidad\/wp-content\/uploads\/2026\/09\/ChatGPT-Image-2-sept-2026-10_17_29-1024x682.png 1024w, https:\/\/www.realisaprint.es\/actualidad\/wp-content\/uploads\/2026\/09\/ChatGPT-Image-2-sept-2026-10_17_29-300x200.png 300w, https:\/\/www.realisaprint.es\/actualidad\/wp-content\/uploads\/2026\/09\/ChatGPT-Image-2-sept-2026-10_17_29-768x511.png 768w, https:\/\/www.realisaprint.es\/actualidad\/wp-content\/uploads\/2026\/09\/ChatGPT-Image-2-sept-2026-10_17_29-600x400.png 600w, https:\/\/www.realisaprint.es\/actualidad\/wp-content\/uploads\/2026\/09\/ChatGPT-Image-2-sept-2026-10_17_29-1000x667.png 1000w, https:\/\/www.realisaprint.es\/actualidad\/wp-content\/uploads\/2026\/09\/ChatGPT-Image-2-sept-2026-10_17_29.png 1537w\" sizes=\"(max-width: 1024px) 100vw, 1024px\" \/><\/figure>\n\n\n\n<h2 class=\"wp-block-heading\"><strong>\u00bfD\u00f3nde y c\u00f3mo se realiza la impresi\u00f3n de las gafas de sol?<\/strong><\/h2>\n\n\n\n<p>La personalizaci\u00f3n se realiza generalmente directamente sobre las patillas de las gafas, un lugar ideal para garantizar una excelente visibilidad del marcaje sin afectar a la est\u00e9tica del producto.<\/p>\n\n\n\n<p>Dependiendo del modelo, est\u00e1n disponibles diferentes t\u00e9cnicas de personalizaci\u00f3n.<\/p>\n\n\n\n<p><strong>Impresi\u00f3n digital<\/strong><\/p>\n\n\n\n<p>La <strong>impresi\u00f3n digital en gafas de sol<\/strong> permite reproducir con precisi\u00f3n logotipos a color, dise\u00f1os detallados o identidades gr\u00e1ficas complejas. Esta t\u00e9cnica ofrece un resultado fiel y de calidad, perfectamente adaptado a las marcas que quieren respetar su identidad visual.<\/p>\n\n\n\n<p><strong>Grabado l\u00e1ser<\/strong><\/p>\n\n\n\n<p>El grabado l\u00e1ser se utiliza principalmente en determinados materiales, como el bamb\u00fa. Ofrece un acabado discreto, elegante y especialmente duradero.<\/p>\n\n\n\n<p>Muy apreciado para objetos publicitarios de alta gama, este acabado refuerza el aspecto premium de las gafas y garantiza una excelente durabilidad a lo largo del tiempo.<\/p>\n\n\n\n<h2 class=\"wp-block-heading\"><strong>\u00bfEn qu\u00e9 ocasiones regalar gafas de sol publicitarias?<\/strong><\/h2>\n\n\n\n<p>Las <strong>gafas de sol publicitarias<\/strong> se integran f\u00e1cilmente en numerosas acciones de marketing y eventos.<\/p>\n\n\n\n<p><strong>Ferias profesionales<\/strong><\/p>\n\n\n\n<p>En las ferias organizadas al aire libre o durante el verano, llaman inmediatamente la atenci\u00f3n sobre un stand y, al mismo tiempo, ofrecen un regalo \u00fatil a los visitantes. Tus clientes pueden as\u00ed dejar huella y prolongar la visibilidad de su marca mucho despu\u00e9s de que termine el evento.<\/p>\n\n\n\n<p><strong>Festivales y eventos culturales<\/strong><\/p>\n\n\n\n<p>Conciertos, festivales de m\u00fasica, fiestas locales o eventos tur\u00edsticos son ocasiones ideales para distribuir <strong>gafas de sol personalizadas<\/strong>. El p\u00fablico puede utilizarlas inmediatamente, proporcionando una visibilidad instant\u00e1nea al logotipo de la marca.<\/p>\n\n\n\n<p><strong>Eventos deportivos y asociativos<\/strong><\/p>\n\n\n\n<p>Carreras, torneos, competiciones, jornadas de puertas abiertas o eventos de asociaciones tambi\u00e9n representan excelentes oportunidades de comunicaci\u00f3n. Las gafas se convierten en un aut\u00e9ntico soporte de visibilidad durante todo el evento.<\/p>\n\n\n\n<p><strong>Seminarios y eventos de empresa<\/strong><\/p>\n\n\n\n<p>Para un seminario de verano, un team building o una convenci\u00f3n organizada al aire libre, las <strong>gafas de sol publicitarias<\/strong> son un regalo muy apreciado por los participantes. Refuerzan la experiencia del evento y transmiten una imagen din\u00e1mica y cercana.<\/p>\n\n\n\n<p><strong>Goodies y regalos de empresa<\/strong><\/p>\n\n\n\n<p>Las gafas personalizadas tambi\u00e9n tienen cabida en cajas regalo, packs de bienvenida o acciones promocionales de temporada. F\u00e1ciles de distribuir, ofrecen un excelente valor percibido sin dejar de ser accesibles para las empresas.<\/p>\n\n\n\n<h2 class=\"wp-block-heading\"><strong>El estuche personalizado: el complemento perfecto para las gafas de sol personalizadas<\/strong><\/h2>\n\n\n\n<p>Para llevar la personalizaci\u00f3n a\u00fan m\u00e1s lejos, la <strong><a href=\"https:\/\/www.realisaprint.es\/regalos-playa\/gafas-personalizadas\/fundas-gafas-personalizadas-t68.html\">funda para gafas<\/a><\/strong> es un excelente complemento para las <strong>gafas de sol personalizadas<\/strong>.<\/p>\n\n\n\n<p>Adem\u00e1s de proteger eficazmente las gafas frente a ara\u00f1azos y golpes, ofrece una segunda superficie de personalizaci\u00f3n en la que incluir un logotipo, un eslogan o una identidad visual.<\/p>\n\n\n\n<p>Esta doble personalizaci\u00f3n refuerza la visibilidad de la marca y aumenta la vida \u00fatil del objeto publicitario. El usuario conservar\u00e1 m\u00e1s f\u00e1cilmente sus gafas dentro del estuche, prolongando as\u00ed de forma natural la exposici\u00f3n de la marca.<\/p>\n\n\n\n<p>Ofrecer conjuntamente las gafas y su estuche personalizado tambi\u00e9n te permite crear una oferta completa, de calidad y especialmente atractiva para tus clientes.<\/p>\n\n\n<div class=\"wp-block-image\">\n<figure class=\"aligncenter size-full\" id=\"estuche-gafas-personalizadas\"><img loading=\"lazy\" decoding=\"async\" width=\"800\" height=\"533\" src=\"https:\/\/www.realisaprint.es\/actualidad\/wp-content\/uploads\/2026\/09\/etuis_lunettes_bureau.webp\" alt=\"Estuches personalizados para gafas de sol con logo\" class=\"wp-image-5005\" srcset=\"https:\/\/www.realisaprint.es\/actualidad\/wp-content\/uploads\/2026\/09\/etuis_lunettes_bureau.webp 800w, https:\/\/www.realisaprint.es\/actualidad\/wp-content\/uploads\/2026\/09\/etuis_lunettes_bureau-300x200.webp 300w, https:\/\/www.realisaprint.es\/actualidad\/wp-content\/uploads\/2026\/09\/etuis_lunettes_bureau-768x512.webp 768w, https:\/\/www.realisaprint.es\/actualidad\/wp-content\/uploads\/2026\/09\/etuis_lunettes_bureau-600x400.webp 600w\" sizes=\"(max-width: 800px) 100vw, 800px\" \/><\/figure><\/div>","protected":false},"excerpt":{"rendered":"<p>Con la llegada del buen tiempo, las empresas buscan soportes de comunicaci\u00f3n que sean \u00fatiles, visibles y atractivos para el p\u00fablico. Las gafas de sol personalizadas cumplen perfectamente con estos requisitos. Todo un imprescindible de&#8230;<\/p>\n","protected":false},"author":3,"featured_media":5006,"comment_status":"open","ping_status":"open","sticky":false,"template":"","format":"standard","meta":{"_monsterinsights_skip_tracking":false,"_monsterinsights_sitenote_active":false,"_monsterinsights_sitenote_note":"","_monsterinsights_sitenote_category":0,"footnotes":""},"categories":[3],"tags":[862,863,31,860,861,46,102,91,253],"class_list":["post-5004","post","type-post","status-publish","format-standard","has-post-thumbnail","hentry","category-productos","tag-estuchegafas","tag-estuchegafaspersonalizado","tag-gafas","tag-gafasdesol","tag-gafasdesolpersonalizadas","tag-imprenta","tag-imprentaespana","tag-imprentaonline","tag-imprentarevendedores"],"yoast_head":"<!-- This site is optimized with the Yoast SEO plugin v23.4 - https:\/\/yoast.com\/wordpress\/plugins\/seo\/ -->\n<title>Gafas de sol personalizadas: el accesorio del verano - El Blog Realisaprint<\/title>\n<meta name=\"description\" content=\"Descubre las gafas de sol personalizadas, sus modelos y opciones de impresi\u00f3n para crear un objeto publicitario ideal para tus clientes este verano.\" \/>\n<meta name=\"robots\" content=\"index, follow, max-snippet:-1, max-image-preview:large, max-video-preview:-1\" \/>\n<link rel=\"canonical\" href=\"https:\/\/www.realisaprint.es\/actualidad\/productos\/gafas-sol-personalizadas\/\" \/>\n<meta property=\"og:locale\" content=\"es_ES\" \/>\n<meta property=\"og:type\" content=\"article\" \/>\n<meta property=\"og:title\" content=\"Gafas de sol personalizadas: el accesorio del verano - El Blog Realisaprint\" \/>\n<meta property=\"og:description\" content=\"Descubre las gafas de sol personalizadas, sus modelos y opciones de impresi\u00f3n para crear un objeto publicitario ideal para tus clientes este verano.\" \/>\n<meta property=\"og:url\" content=\"https:\/\/www.realisaprint.es\/actualidad\/productos\/gafas-sol-personalizadas\/\" \/>\n<meta property=\"og:site_name\" content=\"El Blog Realisaprint\" \/>\n<meta property=\"article:published_time\" content=\"2026-06-17T08:23:16+00:00\" \/>\n<meta property=\"article:modified_time\" content=\"2026-09-02T09:15:17+00:00\" \/>\n<meta property=\"og:image\" content=\"https:\/\/www.realisaprint.es\/actualidad\/wp-content\/uploads\/2026\/09\/impression_lunettes_soleil_publicitaires.webp\" \/>\n\t<meta property=\"og:image:width\" content=\"800\" \/>\n\t<meta property=\"og:image:height\" content=\"533\" \/>\n\t<meta property=\"og:image:type\" content=\"image\/webp\" \/>\n<meta name=\"author\" content=\"Mar\u00eda\" \/>\n<meta name=\"twitter:card\" content=\"summary_large_image\" \/>\n<meta name=\"twitter:label1\" content=\"Escrito por\" \/>\n\t<meta name=\"twitter:data1\" content=\"Mar\u00eda\" \/>\n\t<meta name=\"twitter:label2\" content=\"Tiempo de lectura\" \/>\n\t<meta name=\"twitter:data2\" content=\"6 minutos\" \/>\n<!-- \/ Yoast SEO plugin. -->","yoast_head_json":{"title":"Gafas de sol personalizadas: el accesorio del verano - El Blog Realisaprint","description":"Descubre las gafas de sol personalizadas, sus modelos y opciones de impresi\u00f3n para crear un objeto publicitario ideal para tus clientes este verano.","robots":{"index":"index","follow":"follow","max-snippet":"max-snippet:-1","max-image-preview":"max-image-preview:large","max-video-preview":"max-video-preview:-1"},"canonical":"https:\/\/www.realisaprint.es\/actualidad\/productos\/gafas-sol-personalizadas\/","og_locale":"es_ES","og_type":"article","og_title":"Gafas de sol personalizadas: el accesorio del verano - El Blog Realisaprint","og_description":"Descubre las gafas de sol personalizadas, sus modelos y opciones de impresi\u00f3n para crear un objeto publicitario ideal para tus clientes este verano.","og_url":"https:\/\/www.realisaprint.es\/actualidad\/productos\/gafas-sol-personalizadas\/","og_site_name":"El Blog Realisaprint","article_published_time":"2026-06-17T08:23:16+00:00","article_modified_time":"2026-09-02T09:15:17+00:00","og_image":[{"width":800,"height":533,"url":"https:\/\/www.realisaprint.es\/actualidad\/wp-content\/uploads\/2026\/09\/impression_lunettes_soleil_publicitaires.webp","type":"image\/webp"}],"author":"Mar\u00eda","twitter_card":"summary_large_image","twitter_misc":{"Escrito por":"Mar\u00eda","Tiempo de lectura":"6 minutos"},"schema":{"@context":"https:\/\/schema.org","@graph":[{"@type":"WebPage","@id":"https:\/\/www.realisaprint.es\/actualidad\/productos\/gafas-sol-personalizadas\/","url":"https:\/\/www.realisaprint.es\/actualidad\/productos\/gafas-sol-personalizadas\/","name":"Gafas de sol personalizadas: el accesorio del verano - El Blog Realisaprint","isPartOf":{"@id":"https:\/\/www.realisaprint.es\/actualidad\/#website"},"primaryImageOfPage":{"@id":"https:\/\/www.realisaprint.es\/actualidad\/productos\/gafas-sol-personalizadas\/#primaryimage"},"image":{"@id":"https:\/\/www.realisaprint.es\/actualidad\/productos\/gafas-sol-personalizadas\/#primaryimage"},"thumbnailUrl":"https:\/\/www.realisaprint.es\/actualidad\/wp-content\/uploads\/2026\/09\/impression_lunettes_soleil_publicitaires.webp","datePublished":"2026-06-17T08:23:16+00:00","dateModified":"2026-09-02T09:15:17+00:00","author":{"@id":"https:\/\/www.realisaprint.es\/actualidad\/#\/schema\/person\/827030b85e9975b9a6087726f65c0400"},"description":"Descubre las gafas de sol personalizadas, sus modelos y opciones de impresi\u00f3n para crear un objeto publicitario ideal para tus clientes este verano.","breadcrumb":{"@id":"https:\/\/www.realisaprint.es\/actualidad\/productos\/gafas-sol-personalizadas\/#breadcrumb"},"inLanguage":"es-ES","potentialAction":[{"@type":"ReadAction","target":["https:\/\/www.realisaprint.es\/actualidad\/productos\/gafas-sol-personalizadas\/"]}]},{"@type":"ImageObject","inLanguage":"es-ES","@id":"https:\/\/www.realisaprint.es\/actualidad\/productos\/gafas-sol-personalizadas\/#primaryimage","url":"https:\/\/www.realisaprint.es\/actualidad\/wp-content\/uploads\/2026\/09\/impression_lunettes_soleil_publicitaires.webp","contentUrl":"https:\/\/www.realisaprint.es\/actualidad\/wp-content\/uploads\/2026\/09\/impression_lunettes_soleil_publicitaires.webp","width":800,"height":533,"caption":"Gafas de sol personalizadas con logo, ideales para promocionar una marca durante el verano."},{"@type":"BreadcrumbList","@id":"https:\/\/www.realisaprint.es\/actualidad\/productos\/gafas-sol-personalizadas\/#breadcrumb","itemListElement":[{"@type":"ListItem","position":1,"name":"Accueil","item":"https:\/\/www.realisaprint.es\/actualidad\/"},{"@type":"ListItem","position":2,"name":"Gafas de sol personalizadas: el accesorio imprescindible para un verano perfecto"}]},{"@type":"WebSite","@id":"https:\/\/www.realisaprint.es\/actualidad\/#website","url":"https:\/\/www.realisaprint.es\/actualidad\/","name":"El Blog Realisaprint","description":"","potentialAction":[{"@type":"SearchAction","target":{"@type":"EntryPoint","urlTemplate":"https:\/\/www.realisaprint.es\/actualidad\/?s={search_term_string}"},"query-input":{"@type":"PropertyValueSpecification","valueRequired":true,"valueName":"search_term_string"}}],"inLanguage":"es-ES"},{"@type":"Person","@id":"https:\/\/www.realisaprint.es\/actualidad\/#\/schema\/person\/827030b85e9975b9a6087726f65c0400","name":"Mar\u00eda","image":{"@type":"ImageObject","inLanguage":"es-ES","@id":"https:\/\/www.realisaprint.es\/actualidad\/#\/schema\/person\/image\/","url":"https:\/\/secure.gravatar.com\/avatar\/1591945b88600c41a175443d75ce248c?s=96&d=mm&r=g","contentUrl":"https:\/\/secure.gravatar.com\/avatar\/1591945b88600c41a175443d75ce248c?s=96&d=mm&r=g","caption":"Mar\u00eda"},"sameAs":["http:\/\/https\/\/www.realisaprint.es"],"url":"https:\/\/www.realisaprint.es\/actualidad\/author\/maria\/"}]}},"_links":{"self":[{"href":"https:\/\/www.realisaprint.es\/actualidad\/wp-json\/wp\/v2\/posts\/5004"}],"collection":[{"href":"https:\/\/www.realisaprint.es\/actualidad\/wp-json\/wp\/v2\/posts"}],"about":[{"href":"https:\/\/www.realisaprint.es\/actualidad\/wp-json\/wp\/v2\/types\/post"}],"author":[{"embeddable":true,"href":"https:\/\/www.realisaprint.es\/actualidad\/wp-json\/wp\/v2\/users\/3"}],"replies":[{"embeddable":true,"href":"https:\/\/www.realisaprint.es\/actualidad\/wp-json\/wp\/v2\/comments?post=5004"}],"version-history":[{"count":1,"href":"https:\/\/www.realisaprint.es\/actualidad\/wp-json\/wp\/v2\/posts\/5004\/revisions"}],"predecessor-version":[{"id":5008,"href":"https:\/\/www.realisaprint.es\/actualidad\/wp-json\/wp\/v2\/posts\/5004\/revisions\/5008"}],"wp:featuredmedia":[{"embeddable":true,"href":"https:\/\/www.realisaprint.es\/actualidad\/wp-json\/wp\/v2\/media\/5006"}],"wp:attachment":[{"href":"https:\/\/www.realisaprint.es\/actualidad\/wp-json\/wp\/v2\/media?parent=5004"}],"wp:term":[{"taxonomy":"category","embeddable":true,"href":"https:\/\/www.realisaprint.es\/actualidad\/wp-json\/wp\/v2\/categories?post=5004"},{"taxonomy":"post_tag","embeddable":true,"href":"https:\/\/www.realisaprint.es\/actualidad\/wp-json\/wp\/v2\/tags?post=5004"}],"curies":[{"name":"wp","href":"https:\/\/api.w.org\/{rel}","templated":true}]}}