{"id":3117,"date":"2024-02-23T09:31:40","date_gmt":"2024-02-23T08:31:40","guid":{"rendered":"https:\/\/www.realisaprint.es\/actualidad\/?p=3117"},"modified":"2024-09-16T15:54:33","modified_gmt":"2024-09-16T13:54:33","slug":"paredes-para-ferias","status":"publish","type":"post","link":"https:\/\/www.realisaprint.es\/actualidad\/productos\/paredes-para-ferias\/","title":{"rendered":"Destaca en eventos con paredes para ferias"},"content":{"rendered":"\n<p>\u00bfQuieres saber c\u00f3mo puedes conseguir que el stand de tus clientes sea el centro de atenci\u00f3n? En este blog, te explicamos c\u00f3mo las paredes para ferias pueden convertirse en el mejor aliado para potenciar la presencia y dejar una impresi\u00f3n duradera en el p\u00fablico.<\/p>\n\n\n\n<!--more-->\n\n\n\n<p>Las paredes para ferias son estructuras vers\u00e1tiles y flexibles que permitir\u00e1n a tus clientes exhibir su marca, productos o servicios en eventos como ferias comerciales, exposiciones y salones profesionales. Estas paredes proporcionan un lienzo visual para mostrar la identidad de la empresa y captar la atenci\u00f3n de los asistentes al evento.<\/p>\n\n\n\n<h2 class=\"wp-block-heading\">El vers\u00e1til expositor pop-up textil<\/h2>\n\n\n\n<p>El <strong><a href=\"https:\/\/www.realisaprint.es\/impresion-pop-up-textil-r34.html\">expositor pop-up textil<\/a> <\/strong>se <strong>destaca por su f\u00e1cil montaje y su uso de tela de poli\u00e9ster de 260\u202fg\/m\u00b2<\/strong>, lo que garantiza una presentaci\u00f3n de alta calidad. Este tipo de expositor utiliza un material textil que se despliega instant\u00e1neamente para crear una pared de exhibici\u00f3n. Es pr\u00e1ctico, lo que lo convierte en una <strong>opci\u00f3n popular para ferias comerciales, eventos de marketing y presentaciones de productos<\/strong>. Las ferias de moda, tecnolog\u00eda y dise\u00f1o son algunos ejemplos donde este tipo de expositor puede destacar debido a su atractivo visual y capacidad de personalizaci\u00f3n.<\/p>\n\n\n<div class=\"wp-block-image\">\n<figure class=\"aligncenter size-full is-resized\" id=\"expositor-pop-up-textil\"><img loading=\"lazy\" decoding=\"async\" width=\"800\" height=\"533\" src=\"https:\/\/www.realisaprint.es\/actualidad\/wp-content\/uploads\/2024\/02\/pop-up-textil.jpg\" alt=\"Expositor pop-up textil\" class=\"wp-image-3128\" style=\"width:841px;height:auto\" title=\"Expositor pop-up textil\" srcset=\"https:\/\/www.realisaprint.es\/actualidad\/wp-content\/uploads\/2024\/02\/pop-up-textil.jpg 800w, https:\/\/www.realisaprint.es\/actualidad\/wp-content\/uploads\/2024\/02\/pop-up-textil-300x200.jpg 300w, https:\/\/www.realisaprint.es\/actualidad\/wp-content\/uploads\/2024\/02\/pop-up-textil-768x512.jpg 768w, https:\/\/www.realisaprint.es\/actualidad\/wp-content\/uploads\/2024\/02\/pop-up-textil-600x400.jpg 600w\" sizes=\"(max-width: 800px) 100vw, 800px\" \/><\/figure><\/div>\n\n\n<h2 class=\"wp-block-heading\">El elegante expositor tubular<\/h2>\n\n\n\n<p>El <a href=\"https:\/\/www.realisaprint.es\/impresion-stand-tubular-r2227.html\"><strong>expositor tubular<\/strong><\/a>, adem\u00e1s de ofrecer una apariencia elegante, <strong>se caracteriza por su f\u00e1cil montaje y la disponibilidad en tres tama\u00f1os diferentes <\/strong>para adaptarse a diversas necesidades. Est\u00e1 <strong>compuesto por un marco tubular de aluminio que se cubre con un tejido impreso<\/strong>, lo que garantiza una presentaci\u00f3n profesional y personalizada. Es <strong>ideal para crear fondos personalizados en salones de muestras, ferias de industria y eventos corporativos<\/strong>, donde la imagen de marca juega un papel crucial. Su versatilidad y capacidad para destacar lo convierten en una opci\u00f3n popular en eventos como <strong>ferias de construcci\u00f3n, alimentaci\u00f3n y autom\u00f3viles<\/strong>, donde resaltar la marca y los productos exhibidos es fundamental.<\/p>\n\n\n<div class=\"wp-block-image\">\n<figure class=\"aligncenter size-full is-resized\" id=\"expositor-tubular\"><img loading=\"lazy\" decoding=\"async\" width=\"800\" height=\"533\" src=\"https:\/\/www.realisaprint.es\/actualidad\/wp-content\/uploads\/2024\/02\/tubular.jpg\" alt=\"Expositor tubular\" class=\"wp-image-3126\" style=\"width:840px;height:auto\" title=\"Expositor tubular\" srcset=\"https:\/\/www.realisaprint.es\/actualidad\/wp-content\/uploads\/2024\/02\/tubular.jpg 800w, https:\/\/www.realisaprint.es\/actualidad\/wp-content\/uploads\/2024\/02\/tubular-300x200.jpg 300w, https:\/\/www.realisaprint.es\/actualidad\/wp-content\/uploads\/2024\/02\/tubular-768x512.jpg 768w, https:\/\/www.realisaprint.es\/actualidad\/wp-content\/uploads\/2024\/02\/tubular-600x400.jpg 600w\" sizes=\"(max-width: 800px) 100vw, 800px\" \/><\/figure><\/div>\n\n\n<h2 class=\"wp-block-heading\">El dinamismo del expositor pop-up textil curvo<\/h2>\n\n\n\n<p>El <a href=\"https:\/\/www.realisaprint.es\/impresion-pop-up-textil-curvo-r2252.html\"><strong>expositor pop-up textil curvo<\/strong><\/a>, con su <strong>tela de poli\u00e9ster de 260\u202fg\/m\u00b2<\/strong>, ofrece una presentaci\u00f3n de alta calidad y una forma curva que a\u00f1ade un elemento visual din\u00e1mico y llamativo. Similar al expositor pop-up textil est\u00e1ndar, este modelo se destaca por su <strong>facilidad de montaje y su capacidad para crear impacto en eventos profesionales<\/strong>. Es ideal para <strong>ferias profesionales, exposiciones de arte y lanzamientos de productos<\/strong>, donde se busca una presentaci\u00f3n visualmente atractiva y diferenciadora. Las <strong>ferias de belleza, turismo y salud<\/strong> son ejemplos donde puede destacar debido a su capacidad para llamar la atenci\u00f3n y crear una experiencia envolvente para los espectadores.<\/p>\n\n\n\n<h2 class=\"wp-block-heading\">La profesionalidad del expositor tubular curvo<\/h2>\n\n\n\n<p>El <a href=\"https:\/\/www.realisaprint.es\/impresion-stand-tubular-curvo-r2256.html\">expositor tubular curvo<\/a>, <strong>disponible en las gamas eco y pro y caracterizado por su estructura liviana<\/strong>, ofrece un toque de elegancia y dinamismo que lo distingue del expositor tubular est\u00e1ndar. Su <strong>dise\u00f1o curvo lo hace ideal para destacar en eventos especializados<\/strong>, donde se busca una presentaci\u00f3n sofisticada y adaptada al entorno. Se utiliza con frecuencia en <strong>eventos corporativos, conferencias y ferias especializadas<\/strong>, donde la capacidad para transmitir mensajes espec\u00edficos y destacar entre la competencia es crucial. Ejemplos de eventos donde el expositor tubular curvo puede sobresalir incluyen <strong>ferias de negocios, tecnolog\u00eda y educaci\u00f3n<\/strong>.<\/p>\n\n\n<div class=\"wp-block-image\">\n<figure class=\"aligncenter size-large is-resized\" id=\"expositor-tubular-curvo\"><img loading=\"lazy\" decoding=\"async\" width=\"1024\" height=\"682\" src=\"https:\/\/www.realisaprint.es\/actualidad\/wp-content\/uploads\/2024\/02\/tubular-curvo-1024x682.jpg\" alt=\"Expositor tubular curvo\" class=\"wp-image-3127\" style=\"width:840px;height:auto\" title=\"Expositor tubular curvo\" srcset=\"https:\/\/www.realisaprint.es\/actualidad\/wp-content\/uploads\/2024\/02\/tubular-curvo-1024x682.jpg 1024w, https:\/\/www.realisaprint.es\/actualidad\/wp-content\/uploads\/2024\/02\/tubular-curvo-300x200.jpg 300w, https:\/\/www.realisaprint.es\/actualidad\/wp-content\/uploads\/2024\/02\/tubular-curvo-768x512.jpg 768w, https:\/\/www.realisaprint.es\/actualidad\/wp-content\/uploads\/2024\/02\/tubular-curvo-1536x1023.jpg 1536w, https:\/\/www.realisaprint.es\/actualidad\/wp-content\/uploads\/2024\/02\/tubular-curvo-2048x1364.jpg 2048w, https:\/\/www.realisaprint.es\/actualidad\/wp-content\/uploads\/2024\/02\/tubular-curvo-600x400.jpg 600w, https:\/\/www.realisaprint.es\/actualidad\/wp-content\/uploads\/2024\/02\/tubular-curvo-1000x667.jpg 1000w\" sizes=\"(max-width: 1024px) 100vw, 1024px\" \/><\/figure><\/div>\n\n\n<h2 class=\"wp-block-heading\">La pieza ideal para ferias o salones profesionales<\/h2>\n\n\n\n<p>Las paredes para ferias son <strong>ideales para ferias o salones profesionales<\/strong>. Su capacidad para transmitir la identidad visual de manera efectiva y crear un ambiente profesional las convierte en un recurso invaluable.<\/p>\n\n\n\n<ul class=\"wp-block-list\">\n<li><strong>Variedad y flexibilidad:<\/strong> ofrecen una amplia gama de opciones en t\u00e9rminos de dise\u00f1o, tama\u00f1o y forma. Permite a las empresas adaptarlas a sus necesidades espec\u00edficas.<\/li>\n\n\n\n<li><strong>Transmisi\u00f3n de identidad visual:<\/strong> son una forma efectiva de comunicar la identidad de marca de una empresa mediante gr\u00e1ficos, logotipos y mensajes personalizados.<\/li>\n\n\n\n<li><strong>F\u00e1cil montaje: <\/strong>su dise\u00f1o inteligente facilita el montaje y desmontaje r\u00e1pido, lo que ahorra tiempo y esfuerzo durante la preparaci\u00f3n del evento.<\/li>\n\n\n\n<li><strong>Opciones personalizadas:<\/strong> las paredes para ferias pueden personalizarse con diferentes materiales, acabados y accesorios seg\u00fan las preferencias del expositor.<\/li>\n<\/ul>\n\n\n\n<p>Las paredes para ferias son elementos clave para la comunicaci\u00f3n de marca en eventos y ferias. Son capaces de transformar la percepci\u00f3n de una empresa y destacar entre la competencia. Si quieres que tus clientes destaquen en su pr\u00f3ximo evento, aseg\u00farate de visitar <a href=\"https:\/\/www.realisaprint.es\/\">realisaprint.es<\/a> donde encontrar\u00e1s nuestra amplia gama de paredes para ferias.<\/p>\n","protected":false},"excerpt":{"rendered":"<p>\u00bfQuieres saber c\u00f3mo puedes conseguir que el stand de tus clientes sea el centro de atenci\u00f3n? En este blog, te explicamos c\u00f3mo las paredes para ferias pueden convertirse en el mejor aliado para potenciar la&#8230;<\/p>\n","protected":false},"author":3,"featured_media":3128,"comment_status":"open","ping_status":"open","sticky":false,"template":"","format":"standard","meta":{"_monsterinsights_skip_tracking":false,"_monsterinsights_sitenote_active":false,"_monsterinsights_sitenote_note":"","_monsterinsights_sitenote_category":0,"footnotes":""},"categories":[3],"tags":[38,139,142,138,46,102,106,141,54,136,143,40,127,131,144,145],"class_list":["post-3117","post","type-post","status-publish","format-standard","has-post-thumbnail","hentry","category-productos","tag-consejos","tag-eventos","tag-expositor","tag-ferias","tag-imprenta","tag-imprentaespana","tag-impresion-2","tag-imprimir-2","tag-marketing","tag-paredesparaferias","tag-popup","tag-productos","tag-publicidad","tag-realisaprint","tag-salon","tag-salonprofesional"],"yoast_head":"<!-- This site is optimized with the Yoast SEO plugin v23.4 - https:\/\/yoast.com\/wordpress\/plugins\/seo\/ -->\n<title>Cuatro tipos de paredes para ferias y eventos - El Blog Realisaprint<\/title>\n<meta name=\"description\" content=\"Escoge las paredes para ferias perfectas y convierte el stand de tus clientes en el centro de atenci\u00f3n en cualquier evento.\" \/>\n<meta name=\"robots\" content=\"index, follow, max-snippet:-1, max-image-preview:large, max-video-preview:-1\" \/>\n<link rel=\"canonical\" href=\"https:\/\/www.realisaprint.es\/actualidad\/productos\/paredes-para-ferias\/\" \/>\n<meta property=\"og:locale\" content=\"es_ES\" \/>\n<meta property=\"og:type\" content=\"article\" \/>\n<meta property=\"og:title\" content=\"Cuatro tipos de paredes para ferias y eventos - El Blog Realisaprint\" \/>\n<meta property=\"og:description\" content=\"Escoge las paredes para ferias perfectas y convierte el stand de tus clientes en el centro de atenci\u00f3n en cualquier evento.\" \/>\n<meta property=\"og:url\" content=\"https:\/\/www.realisaprint.es\/actualidad\/productos\/paredes-para-ferias\/\" \/>\n<meta property=\"og:site_name\" content=\"El Blog Realisaprint\" \/>\n<meta property=\"article:published_time\" content=\"2024-02-23T08:31:40+00:00\" \/>\n<meta property=\"article:modified_time\" content=\"2024-09-16T13:54:33+00:00\" \/>\n<meta property=\"og:image\" content=\"https:\/\/www.realisaprint.es\/actualidad\/wp-content\/uploads\/2024\/02\/pop-up-textil.jpg\" \/>\n\t<meta property=\"og:image:width\" content=\"800\" \/>\n\t<meta property=\"og:image:height\" content=\"533\" \/>\n\t<meta property=\"og:image:type\" content=\"image\/jpeg\" \/>\n<meta name=\"author\" content=\"Mar\u00eda\" \/>\n<meta name=\"twitter:card\" content=\"summary_large_image\" \/>\n<meta name=\"twitter:label1\" content=\"Escrito por\" \/>\n\t<meta name=\"twitter:data1\" content=\"Mar\u00eda\" \/>\n\t<meta name=\"twitter:label2\" content=\"Tiempo de lectura\" \/>\n\t<meta name=\"twitter:data2\" content=\"4 minutos\" \/>\n<!-- \/ Yoast SEO plugin. -->","yoast_head_json":{"title":"Cuatro tipos de paredes para ferias y eventos - El Blog Realisaprint","description":"Escoge las paredes para ferias perfectas y convierte el stand de tus clientes en el centro de atenci\u00f3n en cualquier evento.","robots":{"index":"index","follow":"follow","max-snippet":"max-snippet:-1","max-image-preview":"max-image-preview:large","max-video-preview":"max-video-preview:-1"},"canonical":"https:\/\/www.realisaprint.es\/actualidad\/productos\/paredes-para-ferias\/","og_locale":"es_ES","og_type":"article","og_title":"Cuatro tipos de paredes para ferias y eventos - El Blog Realisaprint","og_description":"Escoge las paredes para ferias perfectas y convierte el stand de tus clientes en el centro de atenci\u00f3n en cualquier evento.","og_url":"https:\/\/www.realisaprint.es\/actualidad\/productos\/paredes-para-ferias\/","og_site_name":"El Blog Realisaprint","article_published_time":"2024-02-23T08:31:40+00:00","article_modified_time":"2024-09-16T13:54:33+00:00","og_image":[{"width":800,"height":533,"url":"https:\/\/www.realisaprint.es\/actualidad\/wp-content\/uploads\/2024\/02\/pop-up-textil.jpg","type":"image\/jpeg"}],"author":"Mar\u00eda","twitter_card":"summary_large_image","twitter_misc":{"Escrito por":"Mar\u00eda","Tiempo de lectura":"4 minutos"},"schema":{"@context":"https:\/\/schema.org","@graph":[{"@type":"WebPage","@id":"https:\/\/www.realisaprint.es\/actualidad\/productos\/paredes-para-ferias\/","url":"https:\/\/www.realisaprint.es\/actualidad\/productos\/paredes-para-ferias\/","name":"Cuatro tipos de paredes para ferias y eventos - El Blog Realisaprint","isPartOf":{"@id":"https:\/\/www.realisaprint.es\/actualidad\/#website"},"primaryImageOfPage":{"@id":"https:\/\/www.realisaprint.es\/actualidad\/productos\/paredes-para-ferias\/#primaryimage"},"image":{"@id":"https:\/\/www.realisaprint.es\/actualidad\/productos\/paredes-para-ferias\/#primaryimage"},"thumbnailUrl":"https:\/\/www.realisaprint.es\/actualidad\/wp-content\/uploads\/2024\/02\/pop-up-textil.jpg","datePublished":"2024-02-23T08:31:40+00:00","dateModified":"2024-09-16T13:54:33+00:00","author":{"@id":"https:\/\/www.realisaprint.es\/actualidad\/#\/schema\/person\/827030b85e9975b9a6087726f65c0400"},"description":"Escoge las paredes para ferias perfectas y convierte el stand de tus clientes en el centro de atenci\u00f3n en cualquier evento.","breadcrumb":{"@id":"https:\/\/www.realisaprint.es\/actualidad\/productos\/paredes-para-ferias\/#breadcrumb"},"inLanguage":"es-ES","potentialAction":[{"@type":"ReadAction","target":["https:\/\/www.realisaprint.es\/actualidad\/productos\/paredes-para-ferias\/"]}]},{"@type":"ImageObject","inLanguage":"es-ES","@id":"https:\/\/www.realisaprint.es\/actualidad\/productos\/paredes-para-ferias\/#primaryimage","url":"https:\/\/www.realisaprint.es\/actualidad\/wp-content\/uploads\/2024\/02\/pop-up-textil.jpg","contentUrl":"https:\/\/www.realisaprint.es\/actualidad\/wp-content\/uploads\/2024\/02\/pop-up-textil.jpg","width":800,"height":533,"caption":"Expositor pop-up textil"},{"@type":"BreadcrumbList","@id":"https:\/\/www.realisaprint.es\/actualidad\/productos\/paredes-para-ferias\/#breadcrumb","itemListElement":[{"@type":"ListItem","position":1,"name":"Accueil","item":"https:\/\/www.realisaprint.es\/actualidad\/"},{"@type":"ListItem","position":2,"name":"Destaca en eventos con paredes para ferias"}]},{"@type":"WebSite","@id":"https:\/\/www.realisaprint.es\/actualidad\/#website","url":"https:\/\/www.realisaprint.es\/actualidad\/","name":"El Blog Realisaprint","description":"","potentialAction":[{"@type":"SearchAction","target":{"@type":"EntryPoint","urlTemplate":"https:\/\/www.realisaprint.es\/actualidad\/?s={search_term_string}"},"query-input":{"@type":"PropertyValueSpecification","valueRequired":true,"valueName":"search_term_string"}}],"inLanguage":"es-ES"},{"@type":"Person","@id":"https:\/\/www.realisaprint.es\/actualidad\/#\/schema\/person\/827030b85e9975b9a6087726f65c0400","name":"Mar\u00eda","image":{"@type":"ImageObject","inLanguage":"es-ES","@id":"https:\/\/www.realisaprint.es\/actualidad\/#\/schema\/person\/image\/","url":"https:\/\/secure.gravatar.com\/avatar\/1591945b88600c41a175443d75ce248c?s=96&d=mm&r=g","contentUrl":"https:\/\/secure.gravatar.com\/avatar\/1591945b88600c41a175443d75ce248c?s=96&d=mm&r=g","caption":"Mar\u00eda"},"sameAs":["http:\/\/https\/\/www.realisaprint.es"],"url":"https:\/\/www.realisaprint.es\/actualidad\/author\/maria\/"}]}},"_links":{"self":[{"href":"https:\/\/www.realisaprint.es\/actualidad\/wp-json\/wp\/v2\/posts\/3117"}],"collection":[{"href":"https:\/\/www.realisaprint.es\/actualidad\/wp-json\/wp\/v2\/posts"}],"about":[{"href":"https:\/\/www.realisaprint.es\/actualidad\/wp-json\/wp\/v2\/types\/post"}],"author":[{"embeddable":true,"href":"https:\/\/www.realisaprint.es\/actualidad\/wp-json\/wp\/v2\/users\/3"}],"replies":[{"embeddable":true,"href":"https:\/\/www.realisaprint.es\/actualidad\/wp-json\/wp\/v2\/comments?post=3117"}],"version-history":[{"count":7,"href":"https:\/\/www.realisaprint.es\/actualidad\/wp-json\/wp\/v2\/posts\/3117\/revisions"}],"predecessor-version":[{"id":3133,"href":"https:\/\/www.realisaprint.es\/actualidad\/wp-json\/wp\/v2\/posts\/3117\/revisions\/3133"}],"wp:featuredmedia":[{"embeddable":true,"href":"https:\/\/www.realisaprint.es\/actualidad\/wp-json\/wp\/v2\/media\/3128"}],"wp:attachment":[{"href":"https:\/\/www.realisaprint.es\/actualidad\/wp-json\/wp\/v2\/media?parent=3117"}],"wp:term":[{"taxonomy":"category","embeddable":true,"href":"https:\/\/www.realisaprint.es\/actualidad\/wp-json\/wp\/v2\/categories?post=3117"},{"taxonomy":"post_tag","embeddable":true,"href":"https:\/\/www.realisaprint.es\/actualidad\/wp-json\/wp\/v2\/tags?post=3117"}],"curies":[{"name":"wp","href":"https:\/\/api.w.org\/{rel}","templated":true}]}}