{"id":3022,"date":"2023-12-19T12:34:51","date_gmt":"2023-12-19T11:34:51","guid":{"rendered":"https:\/\/www.realisaprint.es\/actualidad\/?p=3022"},"modified":"2023-12-19T12:34:53","modified_gmt":"2023-12-19T11:34:53","slug":"calendarios-de-pared-personalizados-tu-marca-presente-los-365-dias","status":"publish","type":"post","link":"https:\/\/www.realisaprint.es\/actualidad\/consejos-y-tutoriales-sobre-el-mundo-de-la-impresion\/los-imprescindibles\/calendarios-de-pared-personalizados-tu-marca-presente-los-365-dias\/","title":{"rendered":"Calendarios de Pared Personalizados: Tu Marca Presente los 365 D\u00edas"},"content":{"rendered":"\n<p>En el mundo de la estrategia de marca, la <a href=\"https:\/\/www.instagram.com\/realisaprint.es\/\">visibilidad<\/a> es clave. \u00bfQu\u00e9 mejor manera de mantener la marca de tus clientes presente y en constante comunicaci\u00f3n que con un soporte visible los 365 d\u00edas del a\u00f1o? Te contamos c\u00f3mo en este art\u00edculo con nuestros calendarios de pared personalizados.<\/p>\n\n\n\n<!--more-->\n\n\n\n<h2 class=\"wp-block-heading\">Descubre la Elegancia Pr\u00e1ctica de los Calendarios de Pared Grapados a Medida<\/h2>\n\n\n\n<p>En RealisaPrint, nos enorgullece presentar nuestra oferta de calendarios de pared personalizados, una gama que abarca tres opciones distintas para adaptarse a las necesidades \u00fanicas de la marca de tus clientes.<br>En el art\u00edculo de hoy, nos sumergiremos en el mundo de la personalizaci\u00f3n a trav\u00e9s de nuestros <a href=\"https:\/\/www.realisaprint.es\/calendario-de-pared-c477.html\">calendarios de pared<\/a>. Exploraremos c\u00f3mo estos pr\u00e1cticos soportes se convierten en mucho m\u00e1s que simples organizadores de fechas; son una poderosa herramienta de comunicaci\u00f3n que permite a las marcas estar presentes en la vida cotidiana de sus clientes. <a href=\"https:\/\/www.realisaprint.es\/calendario-de-pared-c477.html\">Los calendarios de pared personalizados<\/a> se convierten en una herramienta invaluable, una pieza que no solo organiza el tiempo, sino que tambi\u00e9n act\u00faa como un lienzo continuo para la identidad de una marca.<\/p>\n\n\n\n<p><a href=\"https:\/\/www.realisaprint.es\/impresion-calendrario-de-pared-grapado-r1956.html\">El calendario grapado de pared <\/a>es una pieza esencial en la estrategia de marca de cualquier negocio. En nuestra imprenta en l\u00ednea, nos enorgullecemos de ofrecer a nuestros revendedores la posibilidad de crear calendarios personalizados que comuniquen la esencia y el mensaje de sus clientes de manera efectiva. Desde un precio inicial de 94\u20ac por 50 ejemplares, estos calendarios, disponibles en formatos apaisados o verticales, ofrecen una versatilidad excepcional para adaptarse a diversas necesidades.<\/p>\n\n\n\n<h3 class=\"wp-block-heading\">Personalizaci\u00f3n sin L\u00edmites, Detalles que Hacen la Diferencia<\/h3>\n\n\n\n<p>Con una gama de opciones predeterminadas, los calendarios de pared permiten a nuestros clientes elegir entre formatos A4 y A5 o a medida. Para el interior, ofrecemos tres opciones de soportes: 115gr\/m2 estucado brillante, 135gr\/m2 estucado brillante o 170gr\/m2 estucado mate, con una flexibilidad de p\u00e1ginas que van desde un m\u00ednimo de 8 hasta un m\u00e1ximo de 32. La verdadera personalizaci\u00f3n se manifiesta en las tapas, donde se pueden seleccionar hasta 4 dise\u00f1os impresos en recto o recto verso, con coberturas disponibles en 170, 250, 300 o 350gr\/m2. Adem\u00e1s, para un acabado premium, ofrecemos la opci\u00f3n de laminado.<\/p>\n\n\n<div class=\"wp-block-image\">\n<figure class=\"aligncenter size-full is-resized\"><img loading=\"lazy\" decoding=\"async\" width=\"800\" height=\"533\" src=\"https:\/\/www.realisaprint.es\/actualidad\/wp-content\/uploads\/2023\/12\/calendario-grapado-en-situacion.png\" alt=\"\" class=\"wp-image-3024\" style=\"width:656px;height:auto\" srcset=\"https:\/\/www.realisaprint.es\/actualidad\/wp-content\/uploads\/2023\/12\/calendario-grapado-en-situacion.png 800w, https:\/\/www.realisaprint.es\/actualidad\/wp-content\/uploads\/2023\/12\/calendario-grapado-en-situacion-300x200.png 300w, https:\/\/www.realisaprint.es\/actualidad\/wp-content\/uploads\/2023\/12\/calendario-grapado-en-situacion-768x512.png 768w, https:\/\/www.realisaprint.es\/actualidad\/wp-content\/uploads\/2023\/12\/calendario-grapado-en-situacion-600x400.png 600w\" sizes=\"(max-width: 800px) 100vw, 800px\" \/><figcaption class=\"wp-element-caption\">Calendario grapado<\/figcaption><\/figure><\/div>\n\n\n<p>En nuestra b\u00fasqueda por elevar la calidad, hemos integrado opciones especiales que elevan la est\u00e9tica y la sensaci\u00f3n t\u00e1ctil del calendario. Desde el barniz selectivo normal hasta el efecto tridimensional, pasando por la estampaci\u00f3n metalizada, cada detalle est\u00e1 dise\u00f1ado para a\u00f1adir un toque de sofisticaci\u00f3n a la marca de nuestros clientes. La perforaci\u00f3n, con un radio de 5mm, se incluye como parte del servicio, garantizando una f\u00e1cil instalaci\u00f3n en cualquier espacio.<\/p>\n\n\n\n<h2 class=\"wp-block-heading\">Calendarios de Pared en Espiral: su Marca en Cada Mes<\/h2>\n\n\n\n<p><a href=\"https:\/\/www.realisaprint.es\/impresion-calendario-de-pared-espiral-r52.html\">Los calendarios de pared en espiral <\/a>son mucho m\u00e1s que meras herramientas de organizaci\u00f3n; son portadores de la identidad y la esencia de su marca. En nuestra imprenta en l\u00ednea, ofrecemos a nuestros revendedores la posibilidad de transformar las visiones de sus clientes en calendarios personalizados que comunican, inspiran y dejan una impresi\u00f3n duradera<\/p>\n\n\n\n<h3 class=\"wp-block-heading\">Personalizaci\u00f3n, Detalles que Definen la Calidad<\/h3>\n\n\n\n<p>Desde 70\u20ac por 50 ejemplares, estos calendarios son la perfecta representaci\u00f3n visual para la marca de tus clientes. Disponibles en formatos apaisados o verticales en A3, A4 y A5 o a medida, ofrecemos una gama de opciones para satisfacer diversas preferencias. La espiral, en blanco o negro, a\u00f1ade un toque adicional de elegancia y funcionalidad.<br>Nuestra variedad de opciones de soportes para el interior de los calendarios en espiral asegura que cada mes sea presentado con calidad excepcional. Desde el estucado brillante de 135gr\/m2 hasta el mate de 170gr\/m2 y opciones especiales como el cryogen, metalizados en oro o plata, e incluso el verjurado, ofrecemos una amplia gama para satisfacer sus necesidades.<\/p>\n\n\n<div class=\"wp-block-image\">\n<figure class=\"aligncenter size-full is-resized\"><img loading=\"lazy\" decoding=\"async\" width=\"800\" height=\"533\" src=\"https:\/\/www.realisaprint.es\/actualidad\/wp-content\/uploads\/2023\/12\/calendrier_spirale_pageintermerdiaire.png\" alt=\"\" class=\"wp-image-3025\" style=\"width:618px;height:auto\" srcset=\"https:\/\/www.realisaprint.es\/actualidad\/wp-content\/uploads\/2023\/12\/calendrier_spirale_pageintermerdiaire.png 800w, https:\/\/www.realisaprint.es\/actualidad\/wp-content\/uploads\/2023\/12\/calendrier_spirale_pageintermerdiaire-300x200.png 300w, https:\/\/www.realisaprint.es\/actualidad\/wp-content\/uploads\/2023\/12\/calendrier_spirale_pageintermerdiaire-768x512.png 768w, https:\/\/www.realisaprint.es\/actualidad\/wp-content\/uploads\/2023\/12\/calendrier_spirale_pageintermerdiaire-600x400.png 600w\" sizes=\"(max-width: 800px) 100vw, 800px\" \/><figcaption class=\"wp-element-caption\">Calendario espiral<\/figcaption><\/figure><\/div>\n\n\n<p><br>Con la posibilidad de elegir entre 12 a 20 p\u00e1ginas en el interior, estos calendarios son una combinaci\u00f3n perfecta de dise\u00f1o personalizado y durabilidad. Las tapas, disponibles en coberturas de 170, 250, 300 o 350gr\/m2, pueden ser impresas en recto o recto verso, laminadas para un acabado premium y ofrecen un lienzo perfecto para llevar su mensaje.<\/p>\n\n\n\n<h3 class=\"wp-block-heading\">Acabados que Impactan<\/h3>\n\n\n\n<p>En nuestra b\u00fasqueda por ofrecer lo mejor, hemos integrado opciones especiales como barniz selectivo, Barniz UV 3D, estampaci\u00f3n metalizada en acabado normal o en 3D, a\u00f1adiendo una capa extra de sofisticaci\u00f3n y distinci\u00f3n a estos calendarios. La espiral es el soporte perfecto que permite una f\u00e1cil instalaci\u00f3n en cualquier entorno.<br>Estos calendarios de pared en espiral no solo organizan el tiempo, sino que tambi\u00e9n se convierten en embajadores visuales de la marca de tus clientes. Desde peque\u00f1as empresas hasta grandes corporaciones, ofrecen una manera poderosa de comunicar tu identidad, valores y compromiso a lo largo del a\u00f1o.<\/p>\n\n\n\n<h2 class=\"wp-block-heading\">Descubre la Elegancia de los Calendarios de Pared Encolados: su Marca, su Calendario<\/h2>\n\n\n\n<p>En nuestra b\u00fasqueda constante por ofrecer soluciones innovadoras, nos complace presentar nuestra m\u00e1s reciente adici\u00f3n a la gama de productos: <a href=\"https:\/\/www.realisaprint.es\/calendario-pared-encolado-r2610.html\">los calendarios de pared encolados.<\/a> Como imprenta en l\u00ednea que atiende exclusivamente a revendedores, entendemos la importancia de transmitir la identidad de la marca a trav\u00e9s de cada detalle visual. Estos calendarios son la herramienta perfecta para comunicar la esencia y el mensaje de tus clientes de manera excepcional.<br>Con un precio inicial de 43\u20ac por 50 ejemplares, estos calendarios encolados est\u00e1n dise\u00f1ados para destacar. Disponibles en formatos apaisados o verticales en A4 y A5, as\u00ed como en tama\u00f1os cuadrados est\u00e1ndar de 14,8&#215;14,8 cm y 21&#215;21 cm, adem\u00e1s de opciones a medida, ofrecemos una versatilidad excepcional para adaptarse a diferentes estilos y necesidades.<\/p>\n\n\n\n<h3 class=\"wp-block-heading\">Calidad que se Siente<\/h3>\n\n\n\n<p>El interior de estos calendarios ofrece una elecci\u00f3n entre dos soportes de alta calidad: 250gr\/m2 estucado brillante o 300gr\/m2 estucado mate. Con la posibilidad de tener de 12 a 20 p\u00e1ginas en su interior, estos calendarios est\u00e1n dise\u00f1ados para ser duraderos y transmitir una sensaci\u00f3n de lujo en cada p\u00e1gina.<br>Nuestra \u00daltima Adquisici\u00f3n<\/p>\n\n\n<div class=\"wp-block-image\">\n<figure class=\"aligncenter size-full is-resized\"><img loading=\"lazy\" decoding=\"async\" width=\"800\" height=\"533\" src=\"https:\/\/www.realisaprint.es\/actualidad\/wp-content\/uploads\/2023\/12\/calendrier-encolle-3.png\" alt=\"\" class=\"wp-image-3026\" style=\"width:624px;height:auto\" srcset=\"https:\/\/www.realisaprint.es\/actualidad\/wp-content\/uploads\/2023\/12\/calendrier-encolle-3.png 800w, https:\/\/www.realisaprint.es\/actualidad\/wp-content\/uploads\/2023\/12\/calendrier-encolle-3-300x200.png 300w, https:\/\/www.realisaprint.es\/actualidad\/wp-content\/uploads\/2023\/12\/calendrier-encolle-3-768x512.png 768w, https:\/\/www.realisaprint.es\/actualidad\/wp-content\/uploads\/2023\/12\/calendrier-encolle-3-600x400.png 600w\" sizes=\"(max-width: 800px) 100vw, 800px\" \/><figcaption class=\"wp-element-caption\">Calendario encolado<\/figcaption><\/figure><\/div>\n\n\n<p><br>Esta novedad en nuestro cat\u00e1logo ha sido seleccionada cuidadosamente para cumplir con los est\u00e1ndares de elegancia y calidad que nos caracterizan. Los calendarios de pared encolados son la representaci\u00f3n perfecta de la sofisticaci\u00f3n en cada detalle y estamos emocionados de ofrecerlos como una opci\u00f3n elegante para los revendedores que buscan impactar con un producto de alta gama.<br>Comunica con Estilo<br>Estos calendarios no son solo herramientas para marcar fechas, son portadores de la identidad de una marca. Con su dise\u00f1o elegante y la posibilidad de personalizaci\u00f3n, ofrecen una manera poderosa de comunicar los valores y la esencia corporativa durante todo el a\u00f1o.<\/p>\n\n\n\n<div class=\"wp-block-buttons is-content-justification-center is-layout-flex wp-container-core-buttons-is-layout-1 wp-block-buttons-is-layout-flex\">\n<div class=\"wp-block-button is-style-fill\"><a class=\"wp-block-button__link has-white-color has-luminous-vivid-orange-background-color has-text-color has-background has-link-color wp-element-button\" href=\"https:\/\/www.realisaprint.es\/impresion-calendarios-c268.html\">Descubre toda nuestra gama de calendarios personalizados<\/a><\/div>\n<\/div>\n","protected":false},"excerpt":{"rendered":"<p>En el mundo de la estrategia de marca, la visibilidad es clave. \u00bfQu\u00e9 mejor manera de mantener la marca de tus clientes presente y en constante comunicaci\u00f3n que con un soporte visible los 365 d\u00edas&#8230;<\/p>\n","protected":false},"author":2,"featured_media":3023,"comment_status":"open","ping_status":"open","sticky":false,"template":"","format":"standard","meta":{"_monsterinsights_skip_tracking":false,"_monsterinsights_sitenote_active":false,"_monsterinsights_sitenote_note":"","_monsterinsights_sitenote_category":0,"footnotes":""},"categories":[10],"tags":[7],"class_list":["post-3022","post","type-post","status-publish","format-standard","has-post-thumbnail","hentry","category-los-imprescindibles","tag-imprentaespana-disenografico-papeleria-publicidad-impresion-imagencoorporativa-tarjetasdevisita-hechoenespana-realisaprintes-disenograficoespana-brandingespana-marcaespana"],"yoast_head":"<!-- This site is optimized with the Yoast SEO plugin v23.4 - https:\/\/yoast.com\/wordpress\/plugins\/seo\/ -->\n<title>Calendarios de Pared Personalizados: Presente los 365 D\u00edas<\/title>\n<meta name=\"description\" content=\"\u00bfQu\u00e9 mejor manera de comunicar la marca de tus clientes que con un soporte visible los 365 d\u00edas del a\u00f1o? Descubre nuestros calendarios.\" \/>\n<meta name=\"robots\" content=\"index, follow, max-snippet:-1, max-image-preview:large, max-video-preview:-1\" \/>\n<link rel=\"canonical\" href=\"https:\/\/www.realisaprint.es\/actualidad\/consejos-y-tutoriales-sobre-el-mundo-de-la-impresion\/los-imprescindibles\/calendarios-de-pared-personalizados-tu-marca-presente-los-365-dias\/\" \/>\n<meta property=\"og:locale\" content=\"es_ES\" \/>\n<meta property=\"og:type\" content=\"article\" \/>\n<meta property=\"og:title\" content=\"Calendarios de Pared Personalizados: Presente los 365 D\u00edas\" \/>\n<meta property=\"og:description\" content=\"\u00bfQu\u00e9 mejor manera de comunicar la marca de tus clientes que con un soporte visible los 365 d\u00edas del a\u00f1o? Descubre nuestros calendarios.\" \/>\n<meta property=\"og:url\" content=\"https:\/\/www.realisaprint.es\/actualidad\/consejos-y-tutoriales-sobre-el-mundo-de-la-impresion\/los-imprescindibles\/calendarios-de-pared-personalizados-tu-marca-presente-los-365-dias\/\" \/>\n<meta property=\"og:site_name\" content=\"El Blog Realisaprint\" \/>\n<meta property=\"article:published_time\" content=\"2023-12-19T11:34:51+00:00\" \/>\n<meta property=\"article:modified_time\" content=\"2023-12-19T11:34:53+00:00\" \/>\n<meta property=\"og:image\" content=\"https:\/\/www.realisaprint.es\/actualidad\/wp-content\/uploads\/2023\/12\/3calendriers_fonduni.png\" \/>\n\t<meta property=\"og:image:width\" content=\"800\" \/>\n\t<meta property=\"og:image:height\" content=\"533\" \/>\n\t<meta property=\"og:image:type\" content=\"image\/png\" \/>\n<meta name=\"author\" content=\"Aroa\" \/>\n<meta name=\"twitter:card\" content=\"summary_large_image\" \/>\n<meta name=\"twitter:creator\" content=\"@realisaprintES\" \/>\n<meta name=\"twitter:label1\" content=\"Escrito por\" \/>\n\t<meta name=\"twitter:data1\" content=\"Aroa\" \/>\n\t<meta name=\"twitter:label2\" content=\"Tiempo de lectura\" \/>\n\t<meta name=\"twitter:data2\" content=\"6 minutos\" \/>\n<!-- \/ Yoast SEO plugin. -->","yoast_head_json":{"title":"Calendarios de Pared Personalizados: Presente los 365 D\u00edas","description":"\u00bfQu\u00e9 mejor manera de comunicar la marca de tus clientes que con un soporte visible los 365 d\u00edas del a\u00f1o? Descubre nuestros calendarios.","robots":{"index":"index","follow":"follow","max-snippet":"max-snippet:-1","max-image-preview":"max-image-preview:large","max-video-preview":"max-video-preview:-1"},"canonical":"https:\/\/www.realisaprint.es\/actualidad\/consejos-y-tutoriales-sobre-el-mundo-de-la-impresion\/los-imprescindibles\/calendarios-de-pared-personalizados-tu-marca-presente-los-365-dias\/","og_locale":"es_ES","og_type":"article","og_title":"Calendarios de Pared Personalizados: Presente los 365 D\u00edas","og_description":"\u00bfQu\u00e9 mejor manera de comunicar la marca de tus clientes que con un soporte visible los 365 d\u00edas del a\u00f1o? Descubre nuestros calendarios.","og_url":"https:\/\/www.realisaprint.es\/actualidad\/consejos-y-tutoriales-sobre-el-mundo-de-la-impresion\/los-imprescindibles\/calendarios-de-pared-personalizados-tu-marca-presente-los-365-dias\/","og_site_name":"El Blog Realisaprint","article_published_time":"2023-12-19T11:34:51+00:00","article_modified_time":"2023-12-19T11:34:53+00:00","og_image":[{"width":800,"height":533,"url":"https:\/\/www.realisaprint.es\/actualidad\/wp-content\/uploads\/2023\/12\/3calendriers_fonduni.png","type":"image\/png"}],"author":"Aroa","twitter_card":"summary_large_image","twitter_creator":"@realisaprintES","twitter_misc":{"Escrito por":"Aroa","Tiempo de lectura":"6 minutos"},"schema":{"@context":"https:\/\/schema.org","@graph":[{"@type":"WebPage","@id":"https:\/\/www.realisaprint.es\/actualidad\/consejos-y-tutoriales-sobre-el-mundo-de-la-impresion\/los-imprescindibles\/calendarios-de-pared-personalizados-tu-marca-presente-los-365-dias\/","url":"https:\/\/www.realisaprint.es\/actualidad\/consejos-y-tutoriales-sobre-el-mundo-de-la-impresion\/los-imprescindibles\/calendarios-de-pared-personalizados-tu-marca-presente-los-365-dias\/","name":"Calendarios de Pared Personalizados: Presente los 365 D\u00edas","isPartOf":{"@id":"https:\/\/www.realisaprint.es\/actualidad\/#website"},"primaryImageOfPage":{"@id":"https:\/\/www.realisaprint.es\/actualidad\/consejos-y-tutoriales-sobre-el-mundo-de-la-impresion\/los-imprescindibles\/calendarios-de-pared-personalizados-tu-marca-presente-los-365-dias\/#primaryimage"},"image":{"@id":"https:\/\/www.realisaprint.es\/actualidad\/consejos-y-tutoriales-sobre-el-mundo-de-la-impresion\/los-imprescindibles\/calendarios-de-pared-personalizados-tu-marca-presente-los-365-dias\/#primaryimage"},"thumbnailUrl":"https:\/\/www.realisaprint.es\/actualidad\/wp-content\/uploads\/2023\/12\/3calendriers_fonduni.png","datePublished":"2023-12-19T11:34:51+00:00","dateModified":"2023-12-19T11:34:53+00:00","author":{"@id":"https:\/\/www.realisaprint.es\/actualidad\/#\/schema\/person\/4c58013a27b2c79c7c439d3ad2372f15"},"description":"\u00bfQu\u00e9 mejor manera de comunicar la marca de tus clientes que con un soporte visible los 365 d\u00edas del a\u00f1o? Descubre nuestros calendarios.","breadcrumb":{"@id":"https:\/\/www.realisaprint.es\/actualidad\/consejos-y-tutoriales-sobre-el-mundo-de-la-impresion\/los-imprescindibles\/calendarios-de-pared-personalizados-tu-marca-presente-los-365-dias\/#breadcrumb"},"inLanguage":"es-ES","potentialAction":[{"@type":"ReadAction","target":["https:\/\/www.realisaprint.es\/actualidad\/consejos-y-tutoriales-sobre-el-mundo-de-la-impresion\/los-imprescindibles\/calendarios-de-pared-personalizados-tu-marca-presente-los-365-dias\/"]}]},{"@type":"ImageObject","inLanguage":"es-ES","@id":"https:\/\/www.realisaprint.es\/actualidad\/consejos-y-tutoriales-sobre-el-mundo-de-la-impresion\/los-imprescindibles\/calendarios-de-pared-personalizados-tu-marca-presente-los-365-dias\/#primaryimage","url":"https:\/\/www.realisaprint.es\/actualidad\/wp-content\/uploads\/2023\/12\/3calendriers_fonduni.png","contentUrl":"https:\/\/www.realisaprint.es\/actualidad\/wp-content\/uploads\/2023\/12\/3calendriers_fonduni.png","width":800,"height":533},{"@type":"BreadcrumbList","@id":"https:\/\/www.realisaprint.es\/actualidad\/consejos-y-tutoriales-sobre-el-mundo-de-la-impresion\/los-imprescindibles\/calendarios-de-pared-personalizados-tu-marca-presente-los-365-dias\/#breadcrumb","itemListElement":[{"@type":"ListItem","position":1,"name":"Accueil","item":"https:\/\/www.realisaprint.es\/actualidad\/"},{"@type":"ListItem","position":2,"name":"Calendarios de Pared Personalizados: Tu Marca Presente los 365 D\u00edas"}]},{"@type":"WebSite","@id":"https:\/\/www.realisaprint.es\/actualidad\/#website","url":"https:\/\/www.realisaprint.es\/actualidad\/","name":"El Blog Realisaprint","description":"","potentialAction":[{"@type":"SearchAction","target":{"@type":"EntryPoint","urlTemplate":"https:\/\/www.realisaprint.es\/actualidad\/?s={search_term_string}"},"query-input":{"@type":"PropertyValueSpecification","valueRequired":true,"valueName":"search_term_string"}}],"inLanguage":"es-ES"},{"@type":"Person","@id":"https:\/\/www.realisaprint.es\/actualidad\/#\/schema\/person\/4c58013a27b2c79c7c439d3ad2372f15","name":"Aroa","image":{"@type":"ImageObject","inLanguage":"es-ES","@id":"https:\/\/www.realisaprint.es\/actualidad\/#\/schema\/person\/image\/","url":"https:\/\/secure.gravatar.com\/avatar\/c5ff172023cb07b70fe37388c0c76ee6?s=96&d=mm&r=g","contentUrl":"https:\/\/secure.gravatar.com\/avatar\/c5ff172023cb07b70fe37388c0c76ee6?s=96&d=mm&r=g","caption":"Aroa"},"sameAs":["https:\/\/www.instagram.com\/realisaprint.es\/","https:\/\/www.linkedin.com\/company\/realisaprint-es\/","https:\/\/x.com\/realisaprintES"],"url":"https:\/\/www.realisaprint.es\/actualidad\/author\/redacteur\/"}]}},"_links":{"self":[{"href":"https:\/\/www.realisaprint.es\/actualidad\/wp-json\/wp\/v2\/posts\/3022"}],"collection":[{"href":"https:\/\/www.realisaprint.es\/actualidad\/wp-json\/wp\/v2\/posts"}],"about":[{"href":"https:\/\/www.realisaprint.es\/actualidad\/wp-json\/wp\/v2\/types\/post"}],"author":[{"embeddable":true,"href":"https:\/\/www.realisaprint.es\/actualidad\/wp-json\/wp\/v2\/users\/2"}],"replies":[{"embeddable":true,"href":"https:\/\/www.realisaprint.es\/actualidad\/wp-json\/wp\/v2\/comments?post=3022"}],"version-history":[{"count":1,"href":"https:\/\/www.realisaprint.es\/actualidad\/wp-json\/wp\/v2\/posts\/3022\/revisions"}],"predecessor-version":[{"id":3027,"href":"https:\/\/www.realisaprint.es\/actualidad\/wp-json\/wp\/v2\/posts\/3022\/revisions\/3027"}],"wp:featuredmedia":[{"embeddable":true,"href":"https:\/\/www.realisaprint.es\/actualidad\/wp-json\/wp\/v2\/media\/3023"}],"wp:attachment":[{"href":"https:\/\/www.realisaprint.es\/actualidad\/wp-json\/wp\/v2\/media?parent=3022"}],"wp:term":[{"taxonomy":"category","embeddable":true,"href":"https:\/\/www.realisaprint.es\/actualidad\/wp-json\/wp\/v2\/categories?post=3022"},{"taxonomy":"post_tag","embeddable":true,"href":"https:\/\/www.realisaprint.es\/actualidad\/wp-json\/wp\/v2\/tags?post=3022"}],"curies":[{"name":"wp","href":"https:\/\/api.w.org\/{rel}","templated":true}]}}