{"id":285,"date":"2022-02-15T11:30:24","date_gmt":"2022-02-15T10:30:24","guid":{"rendered":"https:\/\/www.realisaprint.es\/actualidad\/?p=285"},"modified":"2022-05-16T11:57:16","modified_gmt":"2022-05-16T09:57:16","slug":"minu-el-rey-del-glamour-y-la-moda-de-realisaprint-es","status":"publish","type":"post","link":"https:\/\/www.realisaprint.es\/actualidad\/nuestras-novedades\/entrevistas-con-el-equipo\/minu-el-rey-del-glamour-y-la-moda-de-realisaprint-es\/","title":{"rendered":"Minu, el rey del glamour y la moda de Realisaprint.es"},"content":{"rendered":"\n<p>Jerem\u00edas, alias <em>Minu,<\/em> es un entusiasta de la moda. Todos los d\u00edas viene vestido de tiros largos a trabajar. Con sus conjuntos elegantes y bien pensados, nuestro referente de la moda, responde unas preguntas para el lanzamiento de nuestra nueva gama textil. Conoce aqu\u00ed al rey del glamour.<\/p>\n\n\n\n<!--more-->\n\n\n\n<div style=\"height:10px\" aria-hidden=\"true\" class=\"wp-block-spacer\"><\/div>\n\n\n\n<h2 class=\"wp-block-heading\"><em><strong>Hola Minu, h\u00e1blanos de ti<\/strong><\/em><\/h2>\n\n\n\n<p>Me llamo Jerem\u00edas, alias <em>Minu<\/em>, y tengo 25 a\u00f1os. Soy desarrollador web en el equipo de TI, lo que significa que me encargo de las herramientas internas de la empresa. Entr\u00e9 en el mundo los desarrolladores web muy peque\u00f1o. Es una pasi\u00f3n que tengo desde los 11 a\u00f1os, cuando empec\u00e9 a jugar a HABBO HOTEL y descubr\u00ed una comunidad de desarrolladores que se divert\u00edan creando servidores privados en paralelo, gracias a ello sent\u00ed un flechazo por este campo y decid\u00ed crear mi propia interfaz. Se convirti\u00f3 as\u00ed en uno de mis principales intereses y hoy en d\u00eda tengo la suerte de haberlo convertido en mi trabajo. \u00a0Mi segundo inter\u00e9s principal es la moda, por la cual, comenc\u00e9 a interesarme un poco despu\u00e9s. As\u00ed que mi estilo de vestir ha cambiado mucho y ahora llevo camisa, pantal\u00f3n chino y americana casi todos los d\u00edas. Adem\u00e1s, tiendo a complementar mis conjuntos con zapatos de cordones y \u00bfpor qu\u00e9 no?, una pajarita.<\/p>\n\n\n\n<h2 class=\"wp-block-heading\"><em><strong>\u00bfDe d\u00f3nde ha nacido tu amor por el glamour y la moda?<\/strong><\/em><\/h2>\n\n\n\n<p>Ya hace unos 4 a\u00f1os que empec\u00e9 a vestir con un estilo m\u00e1s elegante. Para explicarlo mejor, me encantan las pel\u00edculas o series de \u00e9poca, por decirlo de alg\u00fan modo, entre los a\u00f1os 50 y 60. La serie <em>Mad Men<\/em>, en particular, es muy inspiradora en cuanto a trajes. Es importante saber que en aquella \u00e9poca todo el mundo iba vestido de forma muy refinada: camisas, corbatines, tirantes\u2026 As\u00ed que decid\u00ed convertirlo en mi estilo de vestir diario. Este tipo de vestimenta suele utilizarse en ocasiones especiales, como las bodas, o en profesiones como la de los banqueros o los vendedores.<\/p>\n\n\n\n<h2 class=\"wp-block-heading\"><strong><em>\u00bfA qui\u00e9n le heredaste la pasi\u00f3n por el glamour y la moda? \u00bfAlg\u00fan familiar? \u00bfUn\/a amigo\/a? \u00bfUn \u00eddolo tal vez?<\/em><\/strong><\/h2>\n\n\n\n<p>En realidad, ning\u00fan miembro de mi familia se siente atra\u00eddo por la moda, no es su prioridad, solo yo me intereso por ella. Este campo me empez\u00f3 a gustar mucho a trav\u00e9s de las series. No obstante, tengo una t\u00eda que me regal\u00f3 unas camisetas muy divertidas durante 6 o 7 a\u00f1os. Son camisetas personalizadas con inscripciones o dibujos muy guais.<\/p>\n\n\n\n<div style=\"height:10px\" aria-hidden=\"true\" class=\"wp-block-spacer\"><\/div>\n\n\n\n<div class=\"wp-block-image\"><figure class=\"aligncenter size-full\"><img loading=\"lazy\" decoding=\"async\" width=\"533\" height=\"800\" src=\"https:\/\/www.realisaprint.es\/actualidad\/wp-content\/uploads\/2022\/02\/roi-de-la-sape-5.jpg\" alt=\"\" class=\"wp-image-311\" srcset=\"https:\/\/www.realisaprint.es\/actualidad\/wp-content\/uploads\/2022\/02\/roi-de-la-sape-5.jpg 533w, https:\/\/www.realisaprint.es\/actualidad\/wp-content\/uploads\/2022\/02\/roi-de-la-sape-5-200x300.jpg 200w\" sizes=\"(max-width: 533px) 100vw, 533px\" \/><\/figure><\/div>\n\n\n\n<div style=\"height:10px\" aria-hidden=\"true\" class=\"wp-block-spacer\"><\/div>\n\n\n\n<h2 class=\"wp-block-heading\"><em><strong>\u00bfCu\u00e1l es tu indumentaria y accesorio favorito?<\/strong><\/em><\/h2>\n\n\n\n<p>\u00a1Las pajaritas me encantan! Tambi\u00e9n llevo a veces corbatas, aunque la pajarita es, de lejos mi accesorio favorito. La corbata tiene un aspecto m\u00e1s serio, mientras que la pajarita aporta un toque divertido al conjunto. Es un producto que se puede encontrar en todos los colores, en todos los dise\u00f1os, con o sin textura. En la actualidad, es una tendencia que aporta modernidad al outfit, es por esto que amo este producto. En cuanto a mi indumentaria favorita, \u00a1creo que es obvio! Lo que me pongo la mayor\u00eda de d\u00edas: camisa, americana elegante, pantalones chinos y zapatillas casuales.<\/p>\n\n\n\n<h2 class=\"wp-block-heading\"><em><strong>\u00bfPrefieres camisas y vaqueros o pantalones cortos y polos?<\/strong><\/em><\/h2>\n\n\n\n<p>(Minu se r\u00ede) \u00a1Camisas y vaqueros! Sin pensarlo y a veces llevo pantalones cortos en verano cuando hace mucho calor. En cuanto polos, no tengo ninguno. Me gusta este tejido, pero todav\u00eda no he encontrado uno que me guste. Supongo que tengo que encontrar el adecuado. \u00a1Quiz\u00e1 alg\u00fan d\u00eda!<\/p>\n\n\n\n<h2 class=\"wp-block-heading\"><em><strong>\u00bfPrefieres una camiseta simple o personalizada?<\/strong><\/em><\/h2>\n\n\n\n<p>Las camisetas personalizadas. \u00a1Tambi\u00e9n sin pensarlo mucho! De hecho, \u00a1Tengo una peque\u00f1a an\u00e9cdota! A m\u00ed me consideran el rey del glamour y la elegancia en Realisaprint.es, pero, confieso que tambi\u00e9n tengo una colecci\u00f3n de <a href=\"https:\/\/www.realisaprint.es\/impresion-camiseta-personalizadas-c290.html\">camisetas personalizadas<\/a>. Algunas veces las pongo para venir al trabajo, pero, es sobre todo el fin de semana cuando las utilizo. Por ejemplo, tengo una camiseta con una barra de carga que dice &#8220;Me estoy despertando. Por favor, espere&#8221;. Y, por otro lado, tambi\u00e9n uso las camisas lisas. La verdad es que son estilos que son completamente opuestos \u00a1pero simplemente me encantan!<\/p>\n\n\n\n<div style=\"height:38px\" aria-hidden=\"true\" class=\"wp-block-spacer\"><\/div>\n\n\n\n<blockquote class=\"wp-block-quote is-style-large is-layout-flow wp-block-quote-is-layout-flow\"><p>Queremos agradecer a Minu por responder a nuestras preguntas. Nos ha encantado descubrir su amor por la moda y el glamour y sobre todo aprender sobre un tema que tanto le apasiona.<\/p><\/blockquote>\n","protected":false},"excerpt":{"rendered":"<p>Jerem\u00edas, alias Minu, es un entusiasta de la moda. Todos los d\u00edas viene vestido de tiros largos a trabajar. Con sus conjuntos elegantes y bien pensados, nuestro referente de la moda, responde unas preguntas para&#8230;<\/p>\n","protected":false},"author":2,"featured_media":287,"comment_status":"open","ping_status":"open","sticky":false,"template":"","format":"standard","meta":{"_monsterinsights_skip_tracking":false,"_monsterinsights_sitenote_active":false,"_monsterinsights_sitenote_note":"","_monsterinsights_sitenote_category":0,"footnotes":""},"categories":[17,15],"tags":[],"class_list":["post-285","post","type-post","status-publish","format-standard","has-post-thumbnail","hentry","category-entrevistas-con-el-equipo","category-nuestras-novedades"],"yoast_head":"<!-- This site is optimized with the Yoast SEO plugin v23.4 - https:\/\/yoast.com\/wordpress\/plugins\/seo\/ -->\n<title>Minu, el rey del glamour y la moda de Realisaprint.es - El Blog Realisaprint<\/title>\n<meta name=\"description\" content=\"Jerem\u00edas, un entusiasta del glamour y la moda en Realisaprint.es, nos responde unas preguntas para el lanzamiento de nuestra gama textil.\" \/>\n<meta name=\"robots\" content=\"index, follow, max-snippet:-1, max-image-preview:large, max-video-preview:-1\" \/>\n<link rel=\"canonical\" href=\"https:\/\/www.realisaprint.es\/actualidad\/nuestras-novedades\/entrevistas-con-el-equipo\/minu-el-rey-del-glamour-y-la-moda-de-realisaprint-es\/\" \/>\n<meta property=\"og:locale\" content=\"es_ES\" \/>\n<meta property=\"og:type\" content=\"article\" \/>\n<meta property=\"og:title\" content=\"Minu, el rey del glamour y la moda de Realisaprint.es - El Blog Realisaprint\" \/>\n<meta property=\"og:description\" content=\"Jerem\u00edas, un entusiasta del glamour y la moda en Realisaprint.es, nos responde unas preguntas para el lanzamiento de nuestra gama textil.\" \/>\n<meta property=\"og:url\" content=\"https:\/\/www.realisaprint.es\/actualidad\/nuestras-novedades\/entrevistas-con-el-equipo\/minu-el-rey-del-glamour-y-la-moda-de-realisaprint-es\/\" \/>\n<meta property=\"og:site_name\" content=\"El Blog Realisaprint\" \/>\n<meta property=\"article:published_time\" content=\"2022-02-15T10:30:24+00:00\" \/>\n<meta property=\"article:modified_time\" content=\"2022-05-16T09:57:16+00:00\" \/>\n<meta property=\"og:image\" content=\"https:\/\/www.realisaprint.es\/actualidad\/wp-content\/uploads\/2022\/02\/img-a-la-une.jpg\" \/>\n\t<meta property=\"og:image:width\" content=\"800\" \/>\n\t<meta property=\"og:image:height\" content=\"533\" \/>\n\t<meta property=\"og:image:type\" content=\"image\/jpeg\" \/>\n<meta name=\"author\" content=\"Aroa\" \/>\n<meta name=\"twitter:card\" content=\"summary_large_image\" \/>\n<meta name=\"twitter:creator\" content=\"@realisaprintES\" \/>\n<meta name=\"twitter:label1\" content=\"Escrito por\" \/>\n\t<meta name=\"twitter:data1\" content=\"Aroa\" \/>\n\t<meta name=\"twitter:label2\" content=\"Tiempo de lectura\" \/>\n\t<meta name=\"twitter:data2\" content=\"4 minutos\" \/>\n<!-- \/ Yoast SEO plugin. -->","yoast_head_json":{"title":"Minu, el rey del glamour y la moda de Realisaprint.es - El Blog Realisaprint","description":"Jerem\u00edas, un entusiasta del glamour y la moda en Realisaprint.es, nos responde unas preguntas para el lanzamiento de nuestra gama textil.","robots":{"index":"index","follow":"follow","max-snippet":"max-snippet:-1","max-image-preview":"max-image-preview:large","max-video-preview":"max-video-preview:-1"},"canonical":"https:\/\/www.realisaprint.es\/actualidad\/nuestras-novedades\/entrevistas-con-el-equipo\/minu-el-rey-del-glamour-y-la-moda-de-realisaprint-es\/","og_locale":"es_ES","og_type":"article","og_title":"Minu, el rey del glamour y la moda de Realisaprint.es - El Blog Realisaprint","og_description":"Jerem\u00edas, un entusiasta del glamour y la moda en Realisaprint.es, nos responde unas preguntas para el lanzamiento de nuestra gama textil.","og_url":"https:\/\/www.realisaprint.es\/actualidad\/nuestras-novedades\/entrevistas-con-el-equipo\/minu-el-rey-del-glamour-y-la-moda-de-realisaprint-es\/","og_site_name":"El Blog Realisaprint","article_published_time":"2022-02-15T10:30:24+00:00","article_modified_time":"2022-05-16T09:57:16+00:00","og_image":[{"width":800,"height":533,"url":"https:\/\/www.realisaprint.es\/actualidad\/wp-content\/uploads\/2022\/02\/img-a-la-une.jpg","type":"image\/jpeg"}],"author":"Aroa","twitter_card":"summary_large_image","twitter_creator":"@realisaprintES","twitter_misc":{"Escrito por":"Aroa","Tiempo de lectura":"4 minutos"},"schema":{"@context":"https:\/\/schema.org","@graph":[{"@type":"WebPage","@id":"https:\/\/www.realisaprint.es\/actualidad\/nuestras-novedades\/entrevistas-con-el-equipo\/minu-el-rey-del-glamour-y-la-moda-de-realisaprint-es\/","url":"https:\/\/www.realisaprint.es\/actualidad\/nuestras-novedades\/entrevistas-con-el-equipo\/minu-el-rey-del-glamour-y-la-moda-de-realisaprint-es\/","name":"Minu, el rey del glamour y la moda de Realisaprint.es - El Blog Realisaprint","isPartOf":{"@id":"https:\/\/www.realisaprint.es\/actualidad\/#website"},"primaryImageOfPage":{"@id":"https:\/\/www.realisaprint.es\/actualidad\/nuestras-novedades\/entrevistas-con-el-equipo\/minu-el-rey-del-glamour-y-la-moda-de-realisaprint-es\/#primaryimage"},"image":{"@id":"https:\/\/www.realisaprint.es\/actualidad\/nuestras-novedades\/entrevistas-con-el-equipo\/minu-el-rey-del-glamour-y-la-moda-de-realisaprint-es\/#primaryimage"},"thumbnailUrl":"https:\/\/www.realisaprint.es\/actualidad\/wp-content\/uploads\/2022\/02\/img-a-la-une.jpg","datePublished":"2022-02-15T10:30:24+00:00","dateModified":"2022-05-16T09:57:16+00:00","author":{"@id":"https:\/\/www.realisaprint.es\/actualidad\/#\/schema\/person\/4c58013a27b2c79c7c439d3ad2372f15"},"description":"Jerem\u00edas, un entusiasta del glamour y la moda en Realisaprint.es, nos responde unas preguntas para el lanzamiento de nuestra gama textil.","breadcrumb":{"@id":"https:\/\/www.realisaprint.es\/actualidad\/nuestras-novedades\/entrevistas-con-el-equipo\/minu-el-rey-del-glamour-y-la-moda-de-realisaprint-es\/#breadcrumb"},"inLanguage":"es-ES","potentialAction":[{"@type":"ReadAction","target":["https:\/\/www.realisaprint.es\/actualidad\/nuestras-novedades\/entrevistas-con-el-equipo\/minu-el-rey-del-glamour-y-la-moda-de-realisaprint-es\/"]}]},{"@type":"ImageObject","inLanguage":"es-ES","@id":"https:\/\/www.realisaprint.es\/actualidad\/nuestras-novedades\/entrevistas-con-el-equipo\/minu-el-rey-del-glamour-y-la-moda-de-realisaprint-es\/#primaryimage","url":"https:\/\/www.realisaprint.es\/actualidad\/wp-content\/uploads\/2022\/02\/img-a-la-une.jpg","contentUrl":"https:\/\/www.realisaprint.es\/actualidad\/wp-content\/uploads\/2022\/02\/img-a-la-une.jpg","width":800,"height":533},{"@type":"BreadcrumbList","@id":"https:\/\/www.realisaprint.es\/actualidad\/nuestras-novedades\/entrevistas-con-el-equipo\/minu-el-rey-del-glamour-y-la-moda-de-realisaprint-es\/#breadcrumb","itemListElement":[{"@type":"ListItem","position":1,"name":"Accueil","item":"https:\/\/www.realisaprint.es\/actualidad\/"},{"@type":"ListItem","position":2,"name":"Minu, el rey del glamour y la moda de Realisaprint.es"}]},{"@type":"WebSite","@id":"https:\/\/www.realisaprint.es\/actualidad\/#website","url":"https:\/\/www.realisaprint.es\/actualidad\/","name":"El Blog Realisaprint","description":"","potentialAction":[{"@type":"SearchAction","target":{"@type":"EntryPoint","urlTemplate":"https:\/\/www.realisaprint.es\/actualidad\/?s={search_term_string}"},"query-input":{"@type":"PropertyValueSpecification","valueRequired":true,"valueName":"search_term_string"}}],"inLanguage":"es-ES"},{"@type":"Person","@id":"https:\/\/www.realisaprint.es\/actualidad\/#\/schema\/person\/4c58013a27b2c79c7c439d3ad2372f15","name":"Aroa","image":{"@type":"ImageObject","inLanguage":"es-ES","@id":"https:\/\/www.realisaprint.es\/actualidad\/#\/schema\/person\/image\/","url":"https:\/\/secure.gravatar.com\/avatar\/c5ff172023cb07b70fe37388c0c76ee6?s=96&d=mm&r=g","contentUrl":"https:\/\/secure.gravatar.com\/avatar\/c5ff172023cb07b70fe37388c0c76ee6?s=96&d=mm&r=g","caption":"Aroa"},"sameAs":["https:\/\/www.instagram.com\/realisaprint.es\/","https:\/\/www.linkedin.com\/company\/realisaprint-es\/","https:\/\/x.com\/realisaprintES"],"url":"https:\/\/www.realisaprint.es\/actualidad\/author\/redacteur\/"}]}},"_links":{"self":[{"href":"https:\/\/www.realisaprint.es\/actualidad\/wp-json\/wp\/v2\/posts\/285"}],"collection":[{"href":"https:\/\/www.realisaprint.es\/actualidad\/wp-json\/wp\/v2\/posts"}],"about":[{"href":"https:\/\/www.realisaprint.es\/actualidad\/wp-json\/wp\/v2\/types\/post"}],"author":[{"embeddable":true,"href":"https:\/\/www.realisaprint.es\/actualidad\/wp-json\/wp\/v2\/users\/2"}],"replies":[{"embeddable":true,"href":"https:\/\/www.realisaprint.es\/actualidad\/wp-json\/wp\/v2\/comments?post=285"}],"version-history":[{"count":31,"href":"https:\/\/www.realisaprint.es\/actualidad\/wp-json\/wp\/v2\/posts\/285\/revisions"}],"predecessor-version":[{"id":651,"href":"https:\/\/www.realisaprint.es\/actualidad\/wp-json\/wp\/v2\/posts\/285\/revisions\/651"}],"wp:featuredmedia":[{"embeddable":true,"href":"https:\/\/www.realisaprint.es\/actualidad\/wp-json\/wp\/v2\/media\/287"}],"wp:attachment":[{"href":"https:\/\/www.realisaprint.es\/actualidad\/wp-json\/wp\/v2\/media?parent=285"}],"wp:term":[{"taxonomy":"category","embeddable":true,"href":"https:\/\/www.realisaprint.es\/actualidad\/wp-json\/wp\/v2\/categories?post=285"},{"taxonomy":"post_tag","embeddable":true,"href":"https:\/\/www.realisaprint.es\/actualidad\/wp-json\/wp\/v2\/tags?post=285"}],"curies":[{"name":"wp","href":"https:\/\/api.w.org\/{rel}","templated":true}]}}