{"id":2734,"date":"2023-09-13T11:12:10","date_gmt":"2023-09-13T09:12:10","guid":{"rendered":"https:\/\/www.realisaprint.es\/actualidad\/?p=2734"},"modified":"2023-10-11T14:37:09","modified_gmt":"2023-10-11T12:37:09","slug":"calendarios-grapados-para_una-marca","status":"publish","type":"post","link":"https:\/\/www.realisaprint.es\/actualidad\/consejos-y-tutoriales-sobre-el-mundo-de-la-impresion\/los-imprescindibles\/calendarios-grapados-para_una-marca\/","title":{"rendered":"Calendarios Grapados: C\u00f3mo Utilizarlos para la Comunicaci\u00f3n de una Marca"},"content":{"rendered":"\n<p>Descubre c\u00f3mo los calendarios grapados personalizados pueden impulsar tu marca y comunicaci\u00f3n empresarial en Realisaprint.es.<\/p>\n\n\n\n<!--more-->\n\n\n\n<p>El <a href=\"https:\/\/www.realisaprint.es\/impresion-calendrario-de-pared-grapado-r1956.html\">calendario mural grapado<\/a> es un recurso de comunicaci\u00f3n muy valorado en el mundo empresarial. Su practicidad radica en su capacidad para organizar de manera sencilla cuando se cuelga en una oficina o en el hogar. En este art\u00edculo, exploraremos a fondo el calendario grapado y sus diversas opciones para ayudarte a comprender c\u00f3mo aprovecharlo al m\u00e1ximo en tu estrategia de marketing y regalos corporativos.<\/p>\n\n\n\n<h2 class=\"wp-block-heading\">Elegir el Formato Adecuado para tu Calendario Grapado<\/h2>\n\n\n\n<p>La primera decisi\u00f3n clave al considerar un calendario grapado es seleccionar el formato m\u00e1s adecuado para tus necesidades y objetivos de comunicaci\u00f3n. Aqu\u00ed hay un desglose m\u00e1s detallado de las opciones disponibles:<\/p>\n\n\n\n<h3 class=\"wp-block-heading\">Calendarios Grapados de 12 P\u00e1ginas: <\/h3>\n\n\n\n<p>Esta es la opci\u00f3n m\u00e1s b\u00e1sica y sencilla. Incluye los 12 meses del a\u00f1o sin p\u00e1ginas de portada ni de patrocinadores. Cada p\u00e1gina contiene informaci\u00f3n de un mes y una imagen correspondiente.<\/p>\n\n\n\n<h3 class=\"wp-block-heading\">Calendarios Grapados de 16 P\u00e1ginas: <\/h3>\n\n\n\n<p>Estos calendarios a\u00f1aden 4 p\u00e1ginas adicionales a los 12 meses del a\u00f1o. Estas p\u00e1ginas extra pueden utilizarse para incluir informaci\u00f3n complementaria, como eventos importantes, datos de contacto, patrocinadores u otros datos relevantes. El dise\u00f1o suele incluir la informaci\u00f3n del mes junto con una imagen relacionada.<\/p>\n\n\n\n<h3 class=\"wp-block-heading\">Calendarios Grapados de 24 P\u00e1ginas: <\/h3>\n\n\n\n<p>Estos calendarios presentan una imagen en una p\u00e1gina y la cuadr\u00edcula del mes correspondiente en la p\u00e1gina opuesta. Esto significa que solo se muestra un mes cuando el calendario est\u00e1 abierto. Es una excelente opci\u00f3n si deseas destacar visualmente cada mes.<\/p>\n\n\n\n<h3 class=\"wp-block-heading\">Calendarios Grapados de 28 P\u00e1ginas: <\/h3>\n\n\n\n<p>Similar a los de 24 p\u00e1ginas, estos calendarios ofrecen 4 p\u00e1ginas adicionales para contenido adicional, como im\u00e1genes adicionales, logotipos o cualquier otra informaci\u00f3n relevante. Esto permite una presentaci\u00f3n m\u00e1s elaborada y llamativa.<\/p>\n\n\n\n<figure class=\"wp-block-gallery has-nested-images columns-default is-cropped wp-block-gallery-1 is-layout-flex wp-block-gallery-is-layout-flex\">\n<figure class=\"wp-block-image size-full\"><img loading=\"lazy\" decoding=\"async\" width=\"400\" height=\"400\" data-id=\"2737\" src=\"https:\/\/www.realisaprint.es\/actualidad\/wp-content\/uploads\/2023\/09\/image-1.png\" alt=\"\" class=\"wp-image-2737\" srcset=\"https:\/\/www.realisaprint.es\/actualidad\/wp-content\/uploads\/2023\/09\/image-1.png 400w, https:\/\/www.realisaprint.es\/actualidad\/wp-content\/uploads\/2023\/09\/image-1-300x300.png 300w, https:\/\/www.realisaprint.es\/actualidad\/wp-content\/uploads\/2023\/09\/image-1-150x150.png 150w, https:\/\/www.realisaprint.es\/actualidad\/wp-content\/uploads\/2023\/09\/image-1-250x250.png 250w, https:\/\/www.realisaprint.es\/actualidad\/wp-content\/uploads\/2023\/09\/image-1-120x120.png 120w\" sizes=\"(max-width: 400px) 100vw, 400px\" \/><\/figure>\n\n\n\n<figure class=\"wp-block-image size-full\"><img loading=\"lazy\" decoding=\"async\" width=\"400\" height=\"400\" data-id=\"2738\" src=\"https:\/\/www.realisaprint.es\/actualidad\/wp-content\/uploads\/2023\/09\/impresion-calendario-grapado-1.jpg\" alt=\"\" class=\"wp-image-2738\" srcset=\"https:\/\/www.realisaprint.es\/actualidad\/wp-content\/uploads\/2023\/09\/impresion-calendario-grapado-1.jpg 400w, https:\/\/www.realisaprint.es\/actualidad\/wp-content\/uploads\/2023\/09\/impresion-calendario-grapado-1-300x300.jpg 300w, https:\/\/www.realisaprint.es\/actualidad\/wp-content\/uploads\/2023\/09\/impresion-calendario-grapado-1-150x150.jpg 150w, https:\/\/www.realisaprint.es\/actualidad\/wp-content\/uploads\/2023\/09\/impresion-calendario-grapado-1-250x250.jpg 250w, https:\/\/www.realisaprint.es\/actualidad\/wp-content\/uploads\/2023\/09\/impresion-calendario-grapado-1-120x120.jpg 120w\" sizes=\"(max-width: 400px) 100vw, 400px\" \/><\/figure>\n<\/figure>\n\n\n\n<h2 class=\"wp-block-heading\">Personalizaci\u00f3n de Calendarios Grapados<\/h2>\n\n\n\n<p>La personalizaci\u00f3n es esencial para que tu calendario grapado refleje la identidad de tu empresa. Aqu\u00ed hay algunas opciones de personalizaci\u00f3n que debes considerar:<\/p>\n\n\n\n<h3 class=\"wp-block-heading\">Agregar una Cubierta:<\/h3>\n\n\n\n<p> La adici\u00f3n de una cubierta r\u00edgida con laminado puede darle un aspecto profesional y resistente al calendario. Esta cubierta puede personalizarse con el logotipo de tu empresa, su eslogan o cualquier otra informaci\u00f3n relevante.<\/p>\n\n\n\n<h3 class=\"wp-block-heading\">Papel Estucado Brillante: <\/h3>\n\n\n\n<p>Optar por papel estucado brillante puede darle un aspecto m\u00e1s vibrante y atractivo al calendario. Este tipo de papel resalta las im\u00e1genes y los colores.<\/p>\n\n\n\n<h3 class=\"wp-block-heading\">Papel Estucado Mate: <\/h3>\n\n\n\n<p>Por otro lado, el papel estucado mate ofrece un aspecto m\u00e1s sobrio y elegante, ideal para calendarios que desean transmitir una sensaci\u00f3n de calidad y durabilidad.<\/p>\n\n\n\n<h2 class=\"wp-block-heading\">Opciones de Impresi\u00f3n Personalizada<\/h2>\n\n\n<div class=\"wp-block-image\">\n<figure class=\"alignright size-full\"><img loading=\"lazy\" decoding=\"async\" width=\"400\" height=\"400\" src=\"https:\/\/www.realisaprint.es\/actualidad\/wp-content\/uploads\/2023\/09\/impresion-calendario-grapado-en-situacion.jpg\" alt=\"\" class=\"wp-image-2736\" srcset=\"https:\/\/www.realisaprint.es\/actualidad\/wp-content\/uploads\/2023\/09\/impresion-calendario-grapado-en-situacion.jpg 400w, https:\/\/www.realisaprint.es\/actualidad\/wp-content\/uploads\/2023\/09\/impresion-calendario-grapado-en-situacion-300x300.jpg 300w, https:\/\/www.realisaprint.es\/actualidad\/wp-content\/uploads\/2023\/09\/impresion-calendario-grapado-en-situacion-150x150.jpg 150w, https:\/\/www.realisaprint.es\/actualidad\/wp-content\/uploads\/2023\/09\/impresion-calendario-grapado-en-situacion-250x250.jpg 250w, https:\/\/www.realisaprint.es\/actualidad\/wp-content\/uploads\/2023\/09\/impresion-calendario-grapado-en-situacion-120x120.jpg 120w\" sizes=\"(max-width: 400px) 100vw, 400px\" \/><\/figure><\/div>\n\n\n<p>Las opciones de impresi\u00f3n tambi\u00e9n son cruciales para la calidad y la durabilidad de tu calendario grapado. Algunas opciones disponibles incluyen:<\/p>\n\n\n\n<h3 class=\"wp-block-heading\">Laminado: <\/h3>\n\n\n\n<p>Aplicar una fina pel\u00edcula mate o brillante al calendario puede prolongar su vida \u00fatil y realzar su apariencia. Adem\u00e1s, el laminado protege contra los da\u00f1os causados por la luz UV y la humedad.<\/p>\n\n\n\n<h3 class=\"wp-block-heading\">Perforaci\u00f3n: <\/h3>\n\n\n\n<p>Para facilitar su colocaci\u00f3n en la pared, perforamos autom\u00e1ticamente el calendario con orificios de 5 mm, lo que es est\u00e1ndar para calendarios grapados.<\/p>\n\n\n\n<h3 class=\"wp-block-heading\">Consejos para Crear un Calendario Grapado Exitoso<\/h3>\n\n\n\n<h3 class=\"wp-block-heading\">Elige un Tema General: <\/h3>\n\n\n\n<p>Seleccionar un tema coherente para tu calendario es esencial para mantener una apariencia uniforme. Esto asegura que tu calendario sea atractivo y efectivo.<\/p>\n\n\n\n<h3 class=\"wp-block-heading\">Selecciona Im\u00e1genes Apropiadas: <\/h3>\n\n\n\n<p>Opta por im\u00e1genes que representen tu empresa de manera neutral y efectiva. Las im\u00e1genes deben ser profesionales y relevantes para tu audiencia.<\/p>\n\n\n\n<h3 class=\"wp-block-heading\">Env\u00eda tu Calendario a Tiempo: <\/h3>\n\n\n\n<p>Aseg\u00farate de que tus calendarios se env\u00eden a tiempo para que lleguen antes de que comience el nuevo a\u00f1o. De esta manera, tus destinatarios podr\u00e1n aprovecharlos al m\u00e1ximo.<\/p>\n\n\n\n<p>El calendario grapado es una herramienta vers\u00e1til y efectiva para tu estrategia de marketing y regalos corporativos. Personalizado y bien dise\u00f1ado, puede ayudarte a destacar, fortalecer tu imagen de marca y mantener tu presencia en la mente de tus clientes y colaboradores durante todo el a\u00f1o. Descubre todas estas opciones y m\u00e1s en <a href=\"https:\/\/www.instagram.com\/realisaprint.es\/\">Realisaprint.es<\/a>, tu socio en productos de impresi\u00f3n personalizados y efectivos<\/p>\n\n\n\n<p><\/p>\n\n\n\n<div class=\"wp-block-buttons is-content-justification-center is-layout-flex wp-container-core-buttons-is-layout-1 wp-block-buttons-is-layout-flex\">\n<div class=\"wp-block-button is-style-fill\"><a class=\"wp-block-button__link has-white-color has-luminous-vivid-orange-background-color has-text-color has-background wp-element-button\" href=\"https:\/\/www.realisaprint.es\/impresion-calendarios-c268.html\">Descubre nuestra gama de calendarios<\/a><\/div>\n<\/div>\n","protected":false},"excerpt":{"rendered":"<p>Descubre c\u00f3mo los calendarios grapados personalizados pueden impulsar tu marca y comunicaci\u00f3n empresarial en Realisaprint.es.<\/p>\n","protected":false},"author":2,"featured_media":2739,"comment_status":"open","ping_status":"open","sticky":false,"template":"","format":"standard","meta":{"_monsterinsights_skip_tracking":false,"_monsterinsights_sitenote_active":false,"_monsterinsights_sitenote_note":"","_monsterinsights_sitenote_category":0,"footnotes":""},"categories":[10],"tags":[],"class_list":["post-2734","post","type-post","status-publish","format-standard","has-post-thumbnail","hentry","category-los-imprescindibles"],"yoast_head":"<!-- This site is optimized with the Yoast SEO plugin v23.4 - https:\/\/yoast.com\/wordpress\/plugins\/seo\/ -->\n<title>\u00bfSon los calendarios grapados el aliado perfecto para comunicar?<\/title>\n<meta name=\"description\" content=\"Descubre c\u00f3mo los calendarios grapados personalizados pueden impulsar tu marca y comunicaci\u00f3n empresarial en Realisaprint.es.\" \/>\n<meta name=\"robots\" content=\"index, follow, max-snippet:-1, max-image-preview:large, max-video-preview:-1\" \/>\n<link rel=\"canonical\" href=\"https:\/\/www.realisaprint.es\/actualidad\/consejos-y-tutoriales-sobre-el-mundo-de-la-impresion\/los-imprescindibles\/calendarios-grapados-para_una-marca\/\" \/>\n<meta property=\"og:locale\" content=\"es_ES\" \/>\n<meta property=\"og:type\" content=\"article\" \/>\n<meta property=\"og:title\" content=\"\u00bfSon los calendarios grapados el aliado perfecto para comunicar?\" \/>\n<meta property=\"og:description\" content=\"Descubre c\u00f3mo los calendarios grapados personalizados pueden impulsar tu marca y comunicaci\u00f3n empresarial en Realisaprint.es.\" \/>\n<meta property=\"og:url\" content=\"https:\/\/www.realisaprint.es\/actualidad\/consejos-y-tutoriales-sobre-el-mundo-de-la-impresion\/los-imprescindibles\/calendarios-grapados-para_una-marca\/\" \/>\n<meta property=\"og:site_name\" content=\"El Blog Realisaprint\" \/>\n<meta property=\"article:published_time\" content=\"2023-09-13T09:12:10+00:00\" \/>\n<meta property=\"article:modified_time\" content=\"2023-10-11T12:37:09+00:00\" \/>\n<meta property=\"og:image\" content=\"https:\/\/www.realisaprint.es\/actualidad\/wp-content\/uploads\/2023\/09\/Images-a-lune-Blog-ES110.png\" \/>\n\t<meta property=\"og:image:width\" content=\"800\" \/>\n\t<meta property=\"og:image:height\" content=\"500\" \/>\n\t<meta property=\"og:image:type\" content=\"image\/png\" \/>\n<meta name=\"author\" content=\"Aroa\" \/>\n<meta name=\"twitter:card\" content=\"summary_large_image\" \/>\n<meta name=\"twitter:creator\" content=\"@realisaprintES\" \/>\n<meta name=\"twitter:label1\" content=\"Escrito por\" \/>\n\t<meta name=\"twitter:data1\" content=\"Aroa\" \/>\n\t<meta name=\"twitter:label2\" content=\"Tiempo de lectura\" \/>\n\t<meta name=\"twitter:data2\" content=\"4 minutos\" \/>\n<!-- \/ Yoast SEO plugin. -->","yoast_head_json":{"title":"\u00bfSon los calendarios grapados el aliado perfecto para comunicar?","description":"Descubre c\u00f3mo los calendarios grapados personalizados pueden impulsar tu marca y comunicaci\u00f3n empresarial en Realisaprint.es.","robots":{"index":"index","follow":"follow","max-snippet":"max-snippet:-1","max-image-preview":"max-image-preview:large","max-video-preview":"max-video-preview:-1"},"canonical":"https:\/\/www.realisaprint.es\/actualidad\/consejos-y-tutoriales-sobre-el-mundo-de-la-impresion\/los-imprescindibles\/calendarios-grapados-para_una-marca\/","og_locale":"es_ES","og_type":"article","og_title":"\u00bfSon los calendarios grapados el aliado perfecto para comunicar?","og_description":"Descubre c\u00f3mo los calendarios grapados personalizados pueden impulsar tu marca y comunicaci\u00f3n empresarial en Realisaprint.es.","og_url":"https:\/\/www.realisaprint.es\/actualidad\/consejos-y-tutoriales-sobre-el-mundo-de-la-impresion\/los-imprescindibles\/calendarios-grapados-para_una-marca\/","og_site_name":"El Blog Realisaprint","article_published_time":"2023-09-13T09:12:10+00:00","article_modified_time":"2023-10-11T12:37:09+00:00","og_image":[{"width":800,"height":500,"url":"https:\/\/www.realisaprint.es\/actualidad\/wp-content\/uploads\/2023\/09\/Images-a-lune-Blog-ES110.png","type":"image\/png"}],"author":"Aroa","twitter_card":"summary_large_image","twitter_creator":"@realisaprintES","twitter_misc":{"Escrito por":"Aroa","Tiempo de lectura":"4 minutos"},"schema":{"@context":"https:\/\/schema.org","@graph":[{"@type":"WebPage","@id":"https:\/\/www.realisaprint.es\/actualidad\/consejos-y-tutoriales-sobre-el-mundo-de-la-impresion\/los-imprescindibles\/calendarios-grapados-para_una-marca\/","url":"https:\/\/www.realisaprint.es\/actualidad\/consejos-y-tutoriales-sobre-el-mundo-de-la-impresion\/los-imprescindibles\/calendarios-grapados-para_una-marca\/","name":"\u00bfSon los calendarios grapados el aliado perfecto para comunicar?","isPartOf":{"@id":"https:\/\/www.realisaprint.es\/actualidad\/#website"},"primaryImageOfPage":{"@id":"https:\/\/www.realisaprint.es\/actualidad\/consejos-y-tutoriales-sobre-el-mundo-de-la-impresion\/los-imprescindibles\/calendarios-grapados-para_una-marca\/#primaryimage"},"image":{"@id":"https:\/\/www.realisaprint.es\/actualidad\/consejos-y-tutoriales-sobre-el-mundo-de-la-impresion\/los-imprescindibles\/calendarios-grapados-para_una-marca\/#primaryimage"},"thumbnailUrl":"https:\/\/www.realisaprint.es\/actualidad\/wp-content\/uploads\/2023\/09\/Images-a-lune-Blog-ES110.png","datePublished":"2023-09-13T09:12:10+00:00","dateModified":"2023-10-11T12:37:09+00:00","author":{"@id":"https:\/\/www.realisaprint.es\/actualidad\/#\/schema\/person\/4c58013a27b2c79c7c439d3ad2372f15"},"description":"Descubre c\u00f3mo los calendarios grapados personalizados pueden impulsar tu marca y comunicaci\u00f3n empresarial en Realisaprint.es.","breadcrumb":{"@id":"https:\/\/www.realisaprint.es\/actualidad\/consejos-y-tutoriales-sobre-el-mundo-de-la-impresion\/los-imprescindibles\/calendarios-grapados-para_una-marca\/#breadcrumb"},"inLanguage":"es-ES","potentialAction":[{"@type":"ReadAction","target":["https:\/\/www.realisaprint.es\/actualidad\/consejos-y-tutoriales-sobre-el-mundo-de-la-impresion\/los-imprescindibles\/calendarios-grapados-para_una-marca\/"]}]},{"@type":"ImageObject","inLanguage":"es-ES","@id":"https:\/\/www.realisaprint.es\/actualidad\/consejos-y-tutoriales-sobre-el-mundo-de-la-impresion\/los-imprescindibles\/calendarios-grapados-para_una-marca\/#primaryimage","url":"https:\/\/www.realisaprint.es\/actualidad\/wp-content\/uploads\/2023\/09\/Images-a-lune-Blog-ES110.png","contentUrl":"https:\/\/www.realisaprint.es\/actualidad\/wp-content\/uploads\/2023\/09\/Images-a-lune-Blog-ES110.png","width":800,"height":500},{"@type":"BreadcrumbList","@id":"https:\/\/www.realisaprint.es\/actualidad\/consejos-y-tutoriales-sobre-el-mundo-de-la-impresion\/los-imprescindibles\/calendarios-grapados-para_una-marca\/#breadcrumb","itemListElement":[{"@type":"ListItem","position":1,"name":"Accueil","item":"https:\/\/www.realisaprint.es\/actualidad\/"},{"@type":"ListItem","position":2,"name":"Calendarios Grapados: C\u00f3mo Utilizarlos para la Comunicaci\u00f3n de una Marca"}]},{"@type":"WebSite","@id":"https:\/\/www.realisaprint.es\/actualidad\/#website","url":"https:\/\/www.realisaprint.es\/actualidad\/","name":"El Blog Realisaprint","description":"","potentialAction":[{"@type":"SearchAction","target":{"@type":"EntryPoint","urlTemplate":"https:\/\/www.realisaprint.es\/actualidad\/?s={search_term_string}"},"query-input":{"@type":"PropertyValueSpecification","valueRequired":true,"valueName":"search_term_string"}}],"inLanguage":"es-ES"},{"@type":"Person","@id":"https:\/\/www.realisaprint.es\/actualidad\/#\/schema\/person\/4c58013a27b2c79c7c439d3ad2372f15","name":"Aroa","image":{"@type":"ImageObject","inLanguage":"es-ES","@id":"https:\/\/www.realisaprint.es\/actualidad\/#\/schema\/person\/image\/","url":"https:\/\/secure.gravatar.com\/avatar\/c5ff172023cb07b70fe37388c0c76ee6?s=96&d=mm&r=g","contentUrl":"https:\/\/secure.gravatar.com\/avatar\/c5ff172023cb07b70fe37388c0c76ee6?s=96&d=mm&r=g","caption":"Aroa"},"sameAs":["https:\/\/www.instagram.com\/realisaprint.es\/","https:\/\/www.linkedin.com\/company\/realisaprint-es\/","https:\/\/x.com\/realisaprintES"],"url":"https:\/\/www.realisaprint.es\/actualidad\/author\/redacteur\/"}]}},"_links":{"self":[{"href":"https:\/\/www.realisaprint.es\/actualidad\/wp-json\/wp\/v2\/posts\/2734"}],"collection":[{"href":"https:\/\/www.realisaprint.es\/actualidad\/wp-json\/wp\/v2\/posts"}],"about":[{"href":"https:\/\/www.realisaprint.es\/actualidad\/wp-json\/wp\/v2\/types\/post"}],"author":[{"embeddable":true,"href":"https:\/\/www.realisaprint.es\/actualidad\/wp-json\/wp\/v2\/users\/2"}],"replies":[{"embeddable":true,"href":"https:\/\/www.realisaprint.es\/actualidad\/wp-json\/wp\/v2\/comments?post=2734"}],"version-history":[{"count":1,"href":"https:\/\/www.realisaprint.es\/actualidad\/wp-json\/wp\/v2\/posts\/2734\/revisions"}],"predecessor-version":[{"id":2740,"href":"https:\/\/www.realisaprint.es\/actualidad\/wp-json\/wp\/v2\/posts\/2734\/revisions\/2740"}],"wp:featuredmedia":[{"embeddable":true,"href":"https:\/\/www.realisaprint.es\/actualidad\/wp-json\/wp\/v2\/media\/2739"}],"wp:attachment":[{"href":"https:\/\/www.realisaprint.es\/actualidad\/wp-json\/wp\/v2\/media?parent=2734"}],"wp:term":[{"taxonomy":"category","embeddable":true,"href":"https:\/\/www.realisaprint.es\/actualidad\/wp-json\/wp\/v2\/categories?post=2734"},{"taxonomy":"post_tag","embeddable":true,"href":"https:\/\/www.realisaprint.es\/actualidad\/wp-json\/wp\/v2\/tags?post=2734"}],"curies":[{"name":"wp","href":"https:\/\/api.w.org\/{rel}","templated":true}]}}