{"id":2714,"date":"2023-09-11T16:32:50","date_gmt":"2023-09-11T14:32:50","guid":{"rendered":"https:\/\/www.realisaprint.es\/actualidad\/?p=2714"},"modified":"2024-01-12T16:19:05","modified_gmt":"2024-01-12T15:19:05","slug":"eventos-del-mundo-de-impresion-y-la-personalizacion-del-2023-2da-edicion","status":"publish","type":"post","link":"https:\/\/www.realisaprint.es\/actualidad\/nuestras-novedades\/eventos-del-mundo-de-impresion-y-la-personalizacion-del-2023-2da-edicion\/","title":{"rendered":"Eventos del mundo de Impresi\u00f3n y la personalizaci\u00f3n del 2023 2da edici\u00f3n"},"content":{"rendered":"\n<p>Descubre los eventos imperdibles de la industria gr\u00e1fica e impresi\u00f3n en la segunda mitad de 2023. \u00a1Planifica tu asistencia ahora!<\/p>\n\n\n\n<!--more-->\n\n\n\n<p>En el emocionante mundo de las artes gr\u00e1ficas, la impresi\u00f3n y el dise\u00f1o, estar al tanto de las \u00faltimas tendencias y tecnolog\u00edas es esencial. Las ferias y eventos son oportunidades ideales para sumergirse en este universo, aprender de expertos y establecer conexiones valiosas. En este art\u00edculo, destacamos algunos eventos pr\u00f3ximos que definitivamente deber\u00edas considerar marcar en tu calendario si te apasiona el mundo de la impresi\u00f3n, el dise\u00f1o y el packaging.<\/p>\n\n\n\n<p><\/p>\n\n\n\n<h2 class=\"wp-block-heading\">1. Labelexpo Europe (Bruselas, B\u00e9lgica &#8211; Del 11 al 14 de septiembre de 2023)<\/h2>\n\n\n<div class=\"wp-block-image\">\n<figure class=\"alignright size-large is-resized\"><img loading=\"lazy\" decoding=\"async\" src=\"https:\/\/www.realisaprint.es\/actualidad\/wp-content\/uploads\/2023\/09\/labelexpo-europe-2023-horiz-black-1024x377.jpg\" alt=\"\" class=\"wp-image-2721\" style=\"width:483px;height:178px\" width=\"483\" height=\"178\" srcset=\"https:\/\/www.realisaprint.es\/actualidad\/wp-content\/uploads\/2023\/09\/labelexpo-europe-2023-horiz-black-1024x377.jpg 1024w, https:\/\/www.realisaprint.es\/actualidad\/wp-content\/uploads\/2023\/09\/labelexpo-europe-2023-horiz-black-300x111.jpg 300w, https:\/\/www.realisaprint.es\/actualidad\/wp-content\/uploads\/2023\/09\/labelexpo-europe-2023-horiz-black-768x283.jpg 768w, https:\/\/www.realisaprint.es\/actualidad\/wp-content\/uploads\/2023\/09\/labelexpo-europe-2023-horiz-black-1536x566.jpg 1536w, https:\/\/www.realisaprint.es\/actualidad\/wp-content\/uploads\/2023\/09\/labelexpo-europe-2023-horiz-black-2048x754.jpg 2048w\" sizes=\"(max-width: 483px) 100vw, 483px\" \/><\/figure><\/div>\n\n\n<p><a href=\"https:\/\/www.labelexpo-europe.com\/\">Labelexpo Europe<\/a> es el evento l\u00edder mundial en etiquetas y envases. Si est\u00e1s involucrado en la industria del etiquetado o el packaging, este es el lugar donde debes estar. Aqu\u00ed, podr\u00e1s explorar las \u00faltimas innovaciones en etiquetado, tecnolog\u00edas de impresi\u00f3n y soluciones de envasado. Adem\u00e1s, tendr\u00e1s la oportunidad de establecer conexiones valiosas con expertos de la industria y conocer las tendencias emergentes en el mundo de las etiquetas.<\/p>\n\n\n\n<h2 class=\"wp-block-heading\">2. C!Print Madrid (Madrid, Espa\u00f1a &#8211; Del 19 al 21 de septiembre de 2023)<\/h2>\n\n\n<div class=\"wp-block-image\">\n<figure class=\"alignleft size-full is-resized\"><img loading=\"lazy\" decoding=\"async\" src=\"https:\/\/www.realisaprint.es\/actualidad\/wp-content\/uploads\/2023\/09\/Sans-titre-1.png\" alt=\"\" class=\"wp-image-2720\" style=\"width:503px;height:201px\" width=\"503\" height=\"201\" srcset=\"https:\/\/www.realisaprint.es\/actualidad\/wp-content\/uploads\/2023\/09\/Sans-titre-1.png 355w, https:\/\/www.realisaprint.es\/actualidad\/wp-content\/uploads\/2023\/09\/Sans-titre-1-300x120.png 300w\" sizes=\"(max-width: 503px) 100vw, 503px\" \/><\/figure><\/div>\n\n\n<p><a href=\"https:\/\/salon-cprint.es\/\">C!Print Madrid<\/a> es un evento imperdible para los amantes de la impresi\u00f3n digital, textil y personalizaci\u00f3n. Esta feria re\u00fane a una amplia gama de expositores y actividades relacionadas con la impresi\u00f3n. Aqu\u00ed, podr\u00e1s descubrir las \u00faltimas tecnolog\u00edas en impresi\u00f3n y personalizaci\u00f3n, as\u00ed como explorar nuevas formas creativas de utilizar la impresi\u00f3n en diversos sectores.<\/p>\n\n\n\n<p>Nos complace anunciar que Realisaprint.es, l\u00edder en soluciones de impresi\u00f3n personalizada, participar\u00e1 por segunda vez en este emocionante evento. Con su compromiso de ofrecer servicios de alta calidad y soluciones de impresi\u00f3n innovadoras, Realisaprint.es es una adici\u00f3n destacada a la lista de expositores en C!Print Madrid. Si est\u00e1s interesado en conocer de cerca sus productos y servicios, aseg\u00farate de visitar su stand y descubrir c\u00f3mo pueden ayudarte a llevar tus proyectos de impresi\u00f3n al siguiente nivel.<\/p>\n\n\n\n<p>Si te apasiona la personalizaci\u00f3n de productos y la impresi\u00f3n innovadora, este evento es para ti. No te pierdas la oportunidad de explorar las \u00faltimas tendencias en impresi\u00f3n y dise\u00f1o, y de conocer a empresas l\u00edderes como Realisaprint.es que est\u00e1n transformando la industria de la impresi\u00f3n. C!Print Madrid promete ser un evento emocionante y educativo para todos los entusiastas de la impresi\u00f3n. \u00a1Esperamos verte all\u00ed!<\/p>\n\n\n\n<h2 class=\"wp-block-heading\">3. LuxePack Show (M\u00f3naco &#8211; Del 2 al 4 de octubre de 2023)<\/h2>\n\n\n<div class=\"wp-block-image\">\n<figure class=\"alignright size-large is-resized\"><img loading=\"lazy\" decoding=\"async\" src=\"https:\/\/www.realisaprint.es\/actualidad\/wp-content\/uploads\/2023\/09\/25_LOGOTYPE-LPMC-2020-1024x429.jpg\" alt=\"\" class=\"wp-image-2719\" style=\"width:427px;height:179px\" width=\"427\" height=\"179\" srcset=\"https:\/\/www.realisaprint.es\/actualidad\/wp-content\/uploads\/2023\/09\/25_LOGOTYPE-LPMC-2020-1024x429.jpg 1024w, https:\/\/www.realisaprint.es\/actualidad\/wp-content\/uploads\/2023\/09\/25_LOGOTYPE-LPMC-2020-300x126.jpg 300w, https:\/\/www.realisaprint.es\/actualidad\/wp-content\/uploads\/2023\/09\/25_LOGOTYPE-LPMC-2020-768x322.jpg 768w, https:\/\/www.realisaprint.es\/actualidad\/wp-content\/uploads\/2023\/09\/25_LOGOTYPE-LPMC-2020-1536x644.jpg 1536w, https:\/\/www.realisaprint.es\/actualidad\/wp-content\/uploads\/2023\/09\/25_LOGOTYPE-LPMC-2020.jpg 1661w\" sizes=\"(max-width: 427px) 100vw, 427px\" \/><\/figure><\/div>\n\n\n<p>Si el packaging de lujo es tu enfoque, el <a href=\"https:\/\/www.luxepackmonaco.com\/\">LuxePack Show<\/a> en M\u00f3naco es una cita obligada. Esta feria se centra en las tendencias y tecnolog\u00edas de packaging de alta gama. Aqu\u00ed, tendr\u00e1s la oportunidad de descubrir c\u00f3mo la creatividad y el lujo se fusionan para ofrecer experiencias excepcionales a los consumidores. Desde materiales exclusivos hasta dise\u00f1os innovadores, este evento revela lo \u00faltimo en el mundo del packaging de lujo.<\/p>\n\n\n\n<h2 class=\"wp-block-heading\">4. Liber &#8211; Feria Internacional del Libro (Madrid, Espa\u00f1a &#8211; Del 4 al 6 de octubre de 2023)<\/h2>\n\n\n<div class=\"wp-block-image\">\n<figure class=\"alignright size-full is-resized\"><img loading=\"lazy\" decoding=\"async\" src=\"https:\/\/www.realisaprint.es\/actualidad\/wp-content\/uploads\/2023\/09\/Sans-titre.png\" alt=\"\" class=\"wp-image-2718\" style=\"width:331px;height:248px\" width=\"331\" height=\"248\"\/><\/figure><\/div>\n\n\n<p><a href=\"https:\/\/www.ifema.es\/liber\">Liber<\/a> es una de las ferias internacionales del libro m\u00e1s destacadas en espa\u00f1ol. Si est\u00e1s involucrado en la industria editorial, esta feria es una oportunidad \u00fanica para explorar una amplia gama de publicaciones, conocer a autores y editores, y descubrir las \u00faltimas novedades en libros y contenidos. Adem\u00e1s, es un lugar ideal para establecer conexiones en la industria editorial y explorar oportunidades de colaboraci\u00f3n.<\/p>\n\n\n\n<h2 class=\"wp-block-heading\">5. Empack (Madrid &#8211; Del 29 al 30 de noviembre de 2023)<\/h2>\n\n\n<div class=\"wp-block-image\">\n<figure class=\"alignleft size-full is-resized\"><img loading=\"lazy\" decoding=\"async\" src=\"https:\/\/www.realisaprint.es\/actualidad\/wp-content\/uploads\/2023\/09\/image.png\" alt=\"\" class=\"wp-image-2716\" style=\"width:455px;height:183px\" width=\"455\" height=\"183\" srcset=\"https:\/\/www.realisaprint.es\/actualidad\/wp-content\/uploads\/2023\/09\/image.png 639w, https:\/\/www.realisaprint.es\/actualidad\/wp-content\/uploads\/2023\/09\/image-300x121.png 300w\" sizes=\"(max-width: 455px) 100vw, 455px\" \/><\/figure><\/div>\n\n\n<p><a href=\"https:\/\/www.empackmadrid.com\/es\/\">Empack<\/a> es un evento dedicado al mundo del packaging y es una cita importante para quienes trabajan en este campo. Aqu\u00ed, podr\u00e1s descubrir soluciones innovadoras para el envasado, desde tecnolog\u00edas de embalaje hasta materiales sostenibles. Si est\u00e1s interesado en el dise\u00f1o y la eficiencia del packaging, este evento ofrece informaci\u00f3n valiosa sobre las \u00faltimas tendencias y avances en la industria.<\/p>\n\n\n\n<h2 class=\"wp-block-heading\">No te pierdas estos eventos<\/h2>\n\n\n\n<p>Asistir a estos eventos no solo enriquece nuestros conocimientos, sino que tambi\u00e9n nos brinda la oportunidad de conectarnos con expertos de la industria y explorar nuevas perspectivas en la impresi\u00f3n, el dise\u00f1o y el envasado. Si te apasiona cualquiera de estos campos, estos eventos son una cita obligada. \u00a1Esperamos verte all\u00ed y que disfrutes de esta inmersi\u00f3n en el emocionante mundo de las artes gr\u00e1ficas y la impresi\u00f3n!<\/p>\n","protected":false},"excerpt":{"rendered":"<p>Descubre los eventos imperdibles de la industria gr\u00e1fica e impresi\u00f3n en la segunda mitad de 2023. \u00a1Planifica tu asistencia ahora!<\/p>\n","protected":false},"author":2,"featured_media":2724,"comment_status":"open","ping_status":"open","sticky":false,"template":"","format":"standard","meta":{"_monsterinsights_skip_tracking":false,"_monsterinsights_sitenote_active":false,"_monsterinsights_sitenote_note":"","_monsterinsights_sitenote_category":0,"footnotes":""},"categories":[15],"tags":[7],"class_list":["post-2714","post","type-post","status-publish","format-standard","has-post-thumbnail","hentry","category-nuestras-novedades","tag-imprentaespana-disenografico-papeleria-publicidad-impresion-imagencoorporativa-tarjetasdevisita-hechoenespana-realisaprintes-disenograficoespana-brandingespana-marcaespana"],"yoast_head":"<!-- This site is optimized with the Yoast SEO plugin v23.4 - https:\/\/yoast.com\/wordpress\/plugins\/seo\/ -->\n<title>Conoce los Eventos del mundo de Impresi\u00f3n del 2023 2da edici\u00f3n<\/title>\n<meta name=\"description\" content=\"Descubre los eventos imperdibles de la industria gr\u00e1fica e impresi\u00f3n en la segunda mitad de 2023. \u00a1Planifica tu asistencia ahora!\" \/>\n<meta name=\"robots\" content=\"index, follow, max-snippet:-1, max-image-preview:large, max-video-preview:-1\" \/>\n<link rel=\"canonical\" href=\"https:\/\/www.realisaprint.es\/actualidad\/nuestras-novedades\/eventos-del-mundo-de-impresion-y-la-personalizacion-del-2023-2da-edicion\/\" \/>\n<meta property=\"og:locale\" content=\"es_ES\" \/>\n<meta property=\"og:type\" content=\"article\" \/>\n<meta property=\"og:title\" content=\"Conoce los Eventos del mundo de Impresi\u00f3n del 2023 2da edici\u00f3n\" \/>\n<meta property=\"og:description\" content=\"Descubre los eventos imperdibles de la industria gr\u00e1fica e impresi\u00f3n en la segunda mitad de 2023. \u00a1Planifica tu asistencia ahora!\" \/>\n<meta property=\"og:url\" content=\"https:\/\/www.realisaprint.es\/actualidad\/nuestras-novedades\/eventos-del-mundo-de-impresion-y-la-personalizacion-del-2023-2da-edicion\/\" \/>\n<meta property=\"og:site_name\" content=\"El Blog Realisaprint\" \/>\n<meta property=\"article:published_time\" content=\"2023-09-11T14:32:50+00:00\" \/>\n<meta property=\"article:modified_time\" content=\"2024-01-12T15:19:05+00:00\" \/>\n<meta property=\"og:image\" content=\"https:\/\/www.realisaprint.es\/actualidad\/wp-content\/uploads\/2023\/09\/Images-a-lune-Blog-ES109.png\" \/>\n\t<meta property=\"og:image:width\" content=\"800\" \/>\n\t<meta property=\"og:image:height\" content=\"500\" \/>\n\t<meta property=\"og:image:type\" content=\"image\/png\" \/>\n<meta name=\"author\" content=\"Aroa\" \/>\n<meta name=\"twitter:card\" content=\"summary_large_image\" \/>\n<meta name=\"twitter:creator\" content=\"@realisaprintES\" \/>\n<meta name=\"twitter:label1\" content=\"Escrito por\" \/>\n\t<meta name=\"twitter:data1\" content=\"Aroa\" \/>\n\t<meta name=\"twitter:label2\" content=\"Tiempo de lectura\" \/>\n\t<meta name=\"twitter:data2\" content=\"4 minutos\" \/>\n<!-- \/ Yoast SEO plugin. -->","yoast_head_json":{"title":"Conoce los Eventos del mundo de Impresi\u00f3n del 2023 2da edici\u00f3n","description":"Descubre los eventos imperdibles de la industria gr\u00e1fica e impresi\u00f3n en la segunda mitad de 2023. \u00a1Planifica tu asistencia ahora!","robots":{"index":"index","follow":"follow","max-snippet":"max-snippet:-1","max-image-preview":"max-image-preview:large","max-video-preview":"max-video-preview:-1"},"canonical":"https:\/\/www.realisaprint.es\/actualidad\/nuestras-novedades\/eventos-del-mundo-de-impresion-y-la-personalizacion-del-2023-2da-edicion\/","og_locale":"es_ES","og_type":"article","og_title":"Conoce los Eventos del mundo de Impresi\u00f3n del 2023 2da edici\u00f3n","og_description":"Descubre los eventos imperdibles de la industria gr\u00e1fica e impresi\u00f3n en la segunda mitad de 2023. \u00a1Planifica tu asistencia ahora!","og_url":"https:\/\/www.realisaprint.es\/actualidad\/nuestras-novedades\/eventos-del-mundo-de-impresion-y-la-personalizacion-del-2023-2da-edicion\/","og_site_name":"El Blog Realisaprint","article_published_time":"2023-09-11T14:32:50+00:00","article_modified_time":"2024-01-12T15:19:05+00:00","og_image":[{"width":800,"height":500,"url":"https:\/\/www.realisaprint.es\/actualidad\/wp-content\/uploads\/2023\/09\/Images-a-lune-Blog-ES109.png","type":"image\/png"}],"author":"Aroa","twitter_card":"summary_large_image","twitter_creator":"@realisaprintES","twitter_misc":{"Escrito por":"Aroa","Tiempo de lectura":"4 minutos"},"schema":{"@context":"https:\/\/schema.org","@graph":[{"@type":"WebPage","@id":"https:\/\/www.realisaprint.es\/actualidad\/nuestras-novedades\/eventos-del-mundo-de-impresion-y-la-personalizacion-del-2023-2da-edicion\/","url":"https:\/\/www.realisaprint.es\/actualidad\/nuestras-novedades\/eventos-del-mundo-de-impresion-y-la-personalizacion-del-2023-2da-edicion\/","name":"Conoce los Eventos del mundo de Impresi\u00f3n del 2023 2da edici\u00f3n","isPartOf":{"@id":"https:\/\/www.realisaprint.es\/actualidad\/#website"},"primaryImageOfPage":{"@id":"https:\/\/www.realisaprint.es\/actualidad\/nuestras-novedades\/eventos-del-mundo-de-impresion-y-la-personalizacion-del-2023-2da-edicion\/#primaryimage"},"image":{"@id":"https:\/\/www.realisaprint.es\/actualidad\/nuestras-novedades\/eventos-del-mundo-de-impresion-y-la-personalizacion-del-2023-2da-edicion\/#primaryimage"},"thumbnailUrl":"https:\/\/www.realisaprint.es\/actualidad\/wp-content\/uploads\/2023\/09\/Images-a-lune-Blog-ES109.png","datePublished":"2023-09-11T14:32:50+00:00","dateModified":"2024-01-12T15:19:05+00:00","author":{"@id":"https:\/\/www.realisaprint.es\/actualidad\/#\/schema\/person\/4c58013a27b2c79c7c439d3ad2372f15"},"description":"Descubre los eventos imperdibles de la industria gr\u00e1fica e impresi\u00f3n en la segunda mitad de 2023. \u00a1Planifica tu asistencia ahora!","breadcrumb":{"@id":"https:\/\/www.realisaprint.es\/actualidad\/nuestras-novedades\/eventos-del-mundo-de-impresion-y-la-personalizacion-del-2023-2da-edicion\/#breadcrumb"},"inLanguage":"es-ES","potentialAction":[{"@type":"ReadAction","target":["https:\/\/www.realisaprint.es\/actualidad\/nuestras-novedades\/eventos-del-mundo-de-impresion-y-la-personalizacion-del-2023-2da-edicion\/"]}]},{"@type":"ImageObject","inLanguage":"es-ES","@id":"https:\/\/www.realisaprint.es\/actualidad\/nuestras-novedades\/eventos-del-mundo-de-impresion-y-la-personalizacion-del-2023-2da-edicion\/#primaryimage","url":"https:\/\/www.realisaprint.es\/actualidad\/wp-content\/uploads\/2023\/09\/Images-a-lune-Blog-ES109.png","contentUrl":"https:\/\/www.realisaprint.es\/actualidad\/wp-content\/uploads\/2023\/09\/Images-a-lune-Blog-ES109.png","width":800,"height":500},{"@type":"BreadcrumbList","@id":"https:\/\/www.realisaprint.es\/actualidad\/nuestras-novedades\/eventos-del-mundo-de-impresion-y-la-personalizacion-del-2023-2da-edicion\/#breadcrumb","itemListElement":[{"@type":"ListItem","position":1,"name":"Accueil","item":"https:\/\/www.realisaprint.es\/actualidad\/"},{"@type":"ListItem","position":2,"name":"Eventos del mundo de Impresi\u00f3n y la personalizaci\u00f3n del 2023 2da edici\u00f3n"}]},{"@type":"WebSite","@id":"https:\/\/www.realisaprint.es\/actualidad\/#website","url":"https:\/\/www.realisaprint.es\/actualidad\/","name":"El Blog Realisaprint","description":"","potentialAction":[{"@type":"SearchAction","target":{"@type":"EntryPoint","urlTemplate":"https:\/\/www.realisaprint.es\/actualidad\/?s={search_term_string}"},"query-input":{"@type":"PropertyValueSpecification","valueRequired":true,"valueName":"search_term_string"}}],"inLanguage":"es-ES"},{"@type":"Person","@id":"https:\/\/www.realisaprint.es\/actualidad\/#\/schema\/person\/4c58013a27b2c79c7c439d3ad2372f15","name":"Aroa","image":{"@type":"ImageObject","inLanguage":"es-ES","@id":"https:\/\/www.realisaprint.es\/actualidad\/#\/schema\/person\/image\/","url":"https:\/\/secure.gravatar.com\/avatar\/c5ff172023cb07b70fe37388c0c76ee6?s=96&d=mm&r=g","contentUrl":"https:\/\/secure.gravatar.com\/avatar\/c5ff172023cb07b70fe37388c0c76ee6?s=96&d=mm&r=g","caption":"Aroa"},"sameAs":["https:\/\/www.instagram.com\/realisaprint.es\/","https:\/\/www.linkedin.com\/company\/realisaprint-es\/","https:\/\/x.com\/realisaprintES"],"url":"https:\/\/www.realisaprint.es\/actualidad\/author\/redacteur\/"}]}},"_links":{"self":[{"href":"https:\/\/www.realisaprint.es\/actualidad\/wp-json\/wp\/v2\/posts\/2714"}],"collection":[{"href":"https:\/\/www.realisaprint.es\/actualidad\/wp-json\/wp\/v2\/posts"}],"about":[{"href":"https:\/\/www.realisaprint.es\/actualidad\/wp-json\/wp\/v2\/types\/post"}],"author":[{"embeddable":true,"href":"https:\/\/www.realisaprint.es\/actualidad\/wp-json\/wp\/v2\/users\/2"}],"replies":[{"embeddable":true,"href":"https:\/\/www.realisaprint.es\/actualidad\/wp-json\/wp\/v2\/comments?post=2714"}],"version-history":[{"count":2,"href":"https:\/\/www.realisaprint.es\/actualidad\/wp-json\/wp\/v2\/posts\/2714\/revisions"}],"predecessor-version":[{"id":2725,"href":"https:\/\/www.realisaprint.es\/actualidad\/wp-json\/wp\/v2\/posts\/2714\/revisions\/2725"}],"wp:featuredmedia":[{"embeddable":true,"href":"https:\/\/www.realisaprint.es\/actualidad\/wp-json\/wp\/v2\/media\/2724"}],"wp:attachment":[{"href":"https:\/\/www.realisaprint.es\/actualidad\/wp-json\/wp\/v2\/media?parent=2714"}],"wp:term":[{"taxonomy":"category","embeddable":true,"href":"https:\/\/www.realisaprint.es\/actualidad\/wp-json\/wp\/v2\/categories?post=2714"},{"taxonomy":"post_tag","embeddable":true,"href":"https:\/\/www.realisaprint.es\/actualidad\/wp-json\/wp\/v2\/tags?post=2714"}],"curies":[{"name":"wp","href":"https:\/\/api.w.org\/{rel}","templated":true}]}}