{"id":2354,"date":"2023-06-12T16:32:22","date_gmt":"2023-06-12T14:32:22","guid":{"rendered":"https:\/\/www.realisaprint.es\/actualidad\/?p=2354"},"modified":"2023-10-11T15:36:05","modified_gmt":"2023-10-11T13:36:05","slug":"cprint-madrid-septiembre-ifema","status":"publish","type":"post","link":"https:\/\/www.realisaprint.es\/actualidad\/nuestras-novedades\/resumen-de-las-noticias\/cprint-madrid-septiembre-ifema\/","title":{"rendered":"C!Print Madrid 2023: En IFEMA del 19 al 21 de septiembre"},"content":{"rendered":"\n<p>C!Print Madrid es un evento destacado para la industria gr\u00e1fica en Espa\u00f1a y este a\u00f1o se llevar\u00e1 a cabo en el reconocido recinto ferial IFEMA del 19 al 21 de septiembre.<\/p>\n\n\n\n<!--more-->\n\n\n\n<p>El evento nacional de referencia en el campo de la industria gr\u00e1fica, la comunicaci\u00f3n visual y la personalizaci\u00f3n es un sal\u00f3n innovador y din\u00e1mico dise\u00f1ado especialmente para profesionales de estos sectores. Ofrece espacios con contenido aut\u00e9ntico que brindan un valor a\u00f1adido real a los visitantes. Despu\u00e9s de una exitosa s\u00e9ptima edici\u00f3n, que marc\u00f3 el reencuentro del sector, C!Print Madrid regresa los d\u00edas 19, 20 y 21 de septiembre de 2023 en IFEMA MADRID, reuniendo a los principales actores en los campos de la comunicaci\u00f3n visual, la impresi\u00f3n y la personalizaci\u00f3n, as\u00ed como a los nuevos participantes en un mercado en constante crecimiento, como los especialistas en comunicaci\u00f3n y marketing, decoradores, minoristas, dise\u00f1adores , arquitectos , imprentas, profesionales de las artes gr\u00e1ficas en general.<\/p>\n\n\n<div class=\"wp-block-image\">\n<figure class=\"aligncenter size-full\"><img loading=\"lazy\" decoding=\"async\" width=\"700\" height=\"492\" src=\"https:\/\/www.realisaprint.es\/actualidad\/wp-content\/uploads\/2023\/06\/1540552461837.jpg\" alt=\"\" class=\"wp-image-2355\" srcset=\"https:\/\/www.realisaprint.es\/actualidad\/wp-content\/uploads\/2023\/06\/1540552461837.jpg 700w, https:\/\/www.realisaprint.es\/actualidad\/wp-content\/uploads\/2023\/06\/1540552461837-300x211.jpg 300w\" sizes=\"(max-width: 700px) 100vw, 700px\" \/><\/figure><\/div>\n\n\n<div style=\"height:17px\" aria-hidden=\"true\" class=\"wp-block-spacer\"><\/div>\n\n\n\n<h2 class=\"wp-block-heading\"><strong>C!print 2022 Septima edici\u00f3n: Un exito rotundo <\/strong><\/h2>\n\n\n\n<p>En la s\u00e9ptima edici\u00f3n, que fue un rotundo \u00e9xito, el evento reuni\u00f3 a destacados actores de la industria y cre\u00f3 un ambiente propicio para el networking, la colaboraci\u00f3n y el intercambio de ideas. Ahora, en su pr\u00f3xima edici\u00f3n en septiembre de 2023, <a href=\"https:\/\/salon-cprint.es\/\">CPrint Madrid <\/a>tiene como objetivo superar todas las expectativas y ofrecer una experiencia a\u00fan m\u00e1s enriquecedora.<\/p>\n\n\n\n<p><strong>IFEMA MADRID<\/strong>, el renombrado recinto ferial que albergar\u00e1 el evento, proporciona una infraestructura moderna y espaciosa, adecuada para acomodar a los cientos de expositores y miles de visitantes que se esperan. Este nuevo emplazamiento brinda la oportunidad de expandir a\u00fan m\u00e1s las posibilidades del evento y crear un entorno propicio para la colaboraci\u00f3n y los negocios.<\/p>\n\n\n\n<p>La lista de participantes incluir\u00e1 a destacadas empresas y profesionales del sector de la comunicaci\u00f3n visual, la impresi\u00f3n y la personalizaci\u00f3n, quienes exhibir\u00e1n sus productos y servicios m\u00e1s innovadores. Tambi\u00e9n se espera la presencia de nuevos integrantes del mercado, como especialistas en comunicaci\u00f3n y marketing, decoradores, minoristas, dise\u00f1adores de interiores, arquitectos y otros profesionales de las industrias creativas.<\/p>\n\n\n\n<figure class=\"wp-block-image size-large\"><img loading=\"lazy\" decoding=\"async\" width=\"1024\" height=\"683\" src=\"https:\/\/www.realisaprint.es\/actualidad\/wp-content\/uploads\/2023\/06\/1540553814992-1024x683.jpg\" alt=\"\" class=\"wp-image-2356\" srcset=\"https:\/\/www.realisaprint.es\/actualidad\/wp-content\/uploads\/2023\/06\/1540553814992-1024x683.jpg 1024w, https:\/\/www.realisaprint.es\/actualidad\/wp-content\/uploads\/2023\/06\/1540553814992-300x200.jpg 300w, https:\/\/www.realisaprint.es\/actualidad\/wp-content\/uploads\/2023\/06\/1540553814992-768x512.jpg 768w, https:\/\/www.realisaprint.es\/actualidad\/wp-content\/uploads\/2023\/06\/1540553814992-600x400.jpg 600w, https:\/\/www.realisaprint.es\/actualidad\/wp-content\/uploads\/2023\/06\/1540553814992-1000x667.jpg 1000w, https:\/\/www.realisaprint.es\/actualidad\/wp-content\/uploads\/2023\/06\/1540553814992.jpg 1200w\" sizes=\"(max-width: 1024px) 100vw, 1024px\" \/><\/figure>\n\n\n\n<div style=\"height:15px\" aria-hidden=\"true\" class=\"wp-block-spacer\"><\/div>\n\n\n\n<h2 class=\"wp-block-heading\"><strong>Un evento para los profesionales de la industria gr\u00e1fica:<\/strong><\/h2>\n\n\n\n<p>C!Print Madrid es un evento destacado para la industria gr\u00e1fica en Espa\u00f1a y este a\u00f1o se llevar\u00e1 a cabo en el reconocido recinto ferial IFEMA. M\u00e1s de 200 expositores se dar\u00e1n cita en este lugar prestigioso para presentar las \u00faltimas novedades. El lema de este a\u00f1o es &#8220;<strong>Un paso hacia el futuro&#8221;<\/strong>, reflejando una edici\u00f3n llena de color y con un gran enfoque en la innovaci\u00f3n y entretenimiento.<\/p>\n\n\n\n<p>Del <strong>19 al 21 de septiembre de 2023<\/strong>, C!Print Madrid celebrar\u00e1 su <strong>8\u00aa edici\u00f3n en IFEMA<\/strong>, consolidando su posici\u00f3n como el evento de impresi\u00f3n, comunicaci\u00f3n visual y personalizaci\u00f3n m\u00e1s importante de Espa\u00f1a. Despu\u00e9s de organizar 7 ediciones en el Pabell\u00f3n de Cristal (Casa de Campo), C!Print Madrid se traslada al mayor recinto ferial de la pen\u00ednsula ib\u00e9rica en la capital espa\u00f1ola. Este cambio a IFEMA es significativo, ya que proporciona un entorno moderno que cumple con las ambiciones y expectativas del mercado.<\/p>\n\n\n\n<div style=\"height:14px\" aria-hidden=\"true\" class=\"wp-block-spacer\"><\/div>\n\n\n\n<h2 class=\"wp-block-heading\"><strong>C!print Madrid 2023 en el IFEMA:<\/strong><\/h2>\n\n\n\n<p>Pablo Serrano, secretario general de FESPA Espa\u00f1a, expres\u00f3 su entusiasmo: &#8220;C!Print Madrid nos sorprende una vez m\u00e1s con su capacidad de innovaci\u00f3n y dinamismo. El hecho de que esta nueva edici\u00f3n se celebre en septiembre en<a href=\"https:\/\/www.ifema.es\/salon-cprint\"> IFEMA <\/a>confirma que C!Print es el evento imprescindible en el sector de la comunicaci\u00f3n visual en Espa\u00f1a&#8221;.<\/p>\n\n\n\n<p>Siguiendo su estrategia de apertura, C!Print Madrid continuar\u00e1 su desarrollo en \u00e1reas como la impresi\u00f3n, comunicaci\u00f3n visual y personalizaci\u00f3n, buscando sinergias con sectores como la fotograf\u00eda, etiquetas, embalajes e impresi\u00f3n industrial.<\/p>\n\n\n\n<p>El lema para esta edici\u00f3n es &#8220;Un paso hacia el futuro&#8221;, lo que promete una edici\u00f3n llena de color, innovaciones y m\u00faltiples espacios de entretenimiento.<\/p>\n\n\n\n<div style=\"height:10px\" aria-hidden=\"true\" class=\"wp-block-spacer\"><\/div>\n\n\n\n<h2 class=\"wp-block-heading\"><strong>Una excelente oportunidad para descubrir las novedades del sector:<\/strong><\/h2>\n\n\n\n<p>Durante tres d\u00edas, C!Print Madrid 2023 presentar\u00e1 las \u00faltimas tecnolog\u00edas de impresi\u00f3n, corte y acabado, y destacar\u00e1 las nuevas t\u00e9cnicas de personalizaci\u00f3n en formato peque\u00f1o. Los visitantes tendr\u00e1n la oportunidad de descubrir materiales innovadores y soluciones de software dise\u00f1adas para mejorar la gesti\u00f3n de procesos y la automatizaci\u00f3n en la industria gr\u00e1fica.<\/p>\n\n\n\n<div style=\"height:15px\" aria-hidden=\"true\" class=\"wp-block-spacer\"><\/div>\n\n\n\n<h2 class=\"wp-block-heading\"><strong>Realisaprint.es en C!print Madrid<\/strong><\/h2>\n\n\n\n<p>Estamos encantados de anunciar que, por segunda vez consecutiva, <a href=\"https:\/\/www.realisaprint.es\/\">realisaprint.es<\/a>, la imprenta online dedicada exclusivamente a profesionales de las artes gr\u00e1ficas, participar\u00e1 en C!Print Madrid 2023. Como empresa l\u00edder en el sector, estamos emocionados de formar parte de este evento de referencia y tener la oportunidad de presentar nuestras \u00faltimas novedades y productos innovadores.<\/p>\n\n\n\n<p>En nuestro stand, los visitantes podr\u00e1n descubrir nuestra<strong> amplia gama de servicios y soluciones de impresi\u00f3n personalizada<\/strong>, dise\u00f1adas espec\u00edficamente para satisfacer las necesidades de los revendedores (profesionales de las artes gr\u00e1ficas). <\/p>\n\n\n\n<p>Adem\u00e1s, estaremos encantados de brindar asesoramiento y compartir las \u00faltimas tendencias y mejores pr\u00e1cticas en el campo de la impresi\u00f3n y la personalizaci\u00f3n. Nuestro equipo estar\u00e1 disponible para discutir proyectos, responder preguntas y establecer nuevas colaboraciones con otros profesionales del sector.<\/p>\n\n\n\n<figure class=\"wp-block-image size-large\"><img loading=\"lazy\" decoding=\"async\" width=\"1024\" height=\"768\" src=\"https:\/\/www.realisaprint.es\/actualidad\/wp-content\/uploads\/2023\/06\/IMG-20220503-WA0007-1024x768.jpg\" alt=\"\" class=\"wp-image-2357\" srcset=\"https:\/\/www.realisaprint.es\/actualidad\/wp-content\/uploads\/2023\/06\/IMG-20220503-WA0007-1024x768.jpg 1024w, https:\/\/www.realisaprint.es\/actualidad\/wp-content\/uploads\/2023\/06\/IMG-20220503-WA0007-300x225.jpg 300w, https:\/\/www.realisaprint.es\/actualidad\/wp-content\/uploads\/2023\/06\/IMG-20220503-WA0007-768x576.jpg 768w, https:\/\/www.realisaprint.es\/actualidad\/wp-content\/uploads\/2023\/06\/IMG-20220503-WA0007-1536x1152.jpg 1536w, https:\/\/www.realisaprint.es\/actualidad\/wp-content\/uploads\/2023\/06\/IMG-20220503-WA0007.jpg 1600w\" sizes=\"(max-width: 1024px) 100vw, 1024px\" \/><\/figure>\n\n\n\n<div style=\"height:8px\" aria-hidden=\"true\" class=\"wp-block-spacer\"><\/div>\n\n\n\n<h2 class=\"wp-block-heading\"><strong>Profesionales en la industria gr\u00e1fica<\/strong><\/h2>\n\n\n\n<p>C!Print Madrid <a href=\"https:\/\/www.realisaprint.es\/actualidad\/productos\/eventos-del-mundo-de-la-impresion-y-personalizacion-del-2023\/\">2023 <\/a>se perfila como una oportunidad \u00fanica para descubrir las \u00faltimas tendencias, establecer contactos comerciales, explorar nuevas oportunidades de negocio y compartir conocimientos con expertos de la industria. Con su enfoque en la innovaci\u00f3n, la creatividad y la colaboraci\u00f3n, este evento promete ser un catalizador para el crecimiento y el desarrollo en el campo de la industria gr\u00e1fica, la comunicaci\u00f3n visual y la personalizaci\u00f3n.<\/p>\n\n\n\n<figure class=\"wp-block-image size-large\"><img loading=\"lazy\" decoding=\"async\" width=\"1024\" height=\"400\" src=\"https:\/\/www.realisaprint.es\/actualidad\/wp-content\/uploads\/2023\/06\/Sponsors2023_1280x500_ok2-1024x400.png\" alt=\"\" class=\"wp-image-2362\" srcset=\"https:\/\/www.realisaprint.es\/actualidad\/wp-content\/uploads\/2023\/06\/Sponsors2023_1280x500_ok2-1024x400.png 1024w, https:\/\/www.realisaprint.es\/actualidad\/wp-content\/uploads\/2023\/06\/Sponsors2023_1280x500_ok2-300x117.png 300w, https:\/\/www.realisaprint.es\/actualidad\/wp-content\/uploads\/2023\/06\/Sponsors2023_1280x500_ok2-768x300.png 768w, https:\/\/www.realisaprint.es\/actualidad\/wp-content\/uploads\/2023\/06\/Sponsors2023_1280x500_ok2.png 1280w\" sizes=\"(max-width: 1024px) 100vw, 1024px\" \/><\/figure>\n\n\n\n<div class=\"wp-block-buttons is-content-justification-center is-layout-flex wp-container-core-buttons-is-layout-1 wp-block-buttons-is-layout-flex\">\n<div class=\"wp-block-button is-style-outline is-style-outline--cd20d5914818aaa3a0ce5461e95cee10\"><a class=\"wp-block-button__link has-white-color has-luminous-vivid-orange-background-color has-text-color has-background wp-element-button\" href=\"https:\/\/salon-cprint.es\/acreditacion\/\">Consigue tu acreditaci\u00f3n<\/a><\/div>\n<\/div>\n","protected":false},"excerpt":{"rendered":"<p>C!Print Madrid es un evento destacado para la industria gr\u00e1fica en Espa\u00f1a y este a\u00f1o se llevar\u00e1 a cabo en el reconocido recinto ferial IFEMA del 19 al 21 de septiembre.<\/p>\n","protected":false},"author":2,"featured_media":2366,"comment_status":"open","ping_status":"open","sticky":false,"template":"","format":"standard","meta":{"_monsterinsights_skip_tracking":false,"_monsterinsights_sitenote_active":false,"_monsterinsights_sitenote_note":"","_monsterinsights_sitenote_category":0,"footnotes":""},"categories":[16],"tags":[89,7],"class_list":["post-2354","post","type-post","status-publish","format-standard","has-post-thumbnail","hentry","category-resumen-de-las-noticias","tag-cprintmadrid-imprentaespana-eventosimprenta","tag-imprentaespana-disenografico-papeleria-publicidad-impresion-imagencoorporativa-tarjetasdevisita-hechoenespana-realisaprintes-disenograficoespana-brandingespana-marcaespana"],"yoast_head":"<!-- This site is optimized with the Yoast SEO plugin v23.4 - https:\/\/yoast.com\/wordpress\/plugins\/seo\/ -->\n<title>Del 19 al 21 de septiembre, \u00a1ven a conocernos en C!Print Madrid!<\/title>\n<meta name=\"description\" content=\"C!Print Madrid es un evento destacado para la industria gr\u00e1fica, este a\u00f1o se llevar\u00e1 a cabo del 19 al 21 de septiembre en IFEMA.\" \/>\n<meta name=\"robots\" content=\"index, follow, max-snippet:-1, max-image-preview:large, max-video-preview:-1\" \/>\n<link rel=\"canonical\" href=\"https:\/\/www.realisaprint.es\/actualidad\/nuestras-novedades\/resumen-de-las-noticias\/cprint-madrid-septiembre-ifema\/\" \/>\n<meta property=\"og:locale\" content=\"es_ES\" \/>\n<meta property=\"og:type\" content=\"article\" \/>\n<meta property=\"og:title\" content=\"Del 19 al 21 de septiembre, \u00a1ven a conocernos en C!Print Madrid!\" \/>\n<meta property=\"og:description\" content=\"C!Print Madrid es un evento destacado para la industria gr\u00e1fica, este a\u00f1o se llevar\u00e1 a cabo del 19 al 21 de septiembre en IFEMA.\" \/>\n<meta property=\"og:url\" content=\"https:\/\/www.realisaprint.es\/actualidad\/nuestras-novedades\/resumen-de-las-noticias\/cprint-madrid-septiembre-ifema\/\" \/>\n<meta property=\"og:site_name\" content=\"El Blog Realisaprint\" \/>\n<meta property=\"article:published_time\" content=\"2023-06-12T14:32:22+00:00\" \/>\n<meta property=\"article:modified_time\" content=\"2023-10-11T13:36:05+00:00\" \/>\n<meta property=\"og:image\" content=\"https:\/\/www.realisaprint.es\/actualidad\/wp-content\/uploads\/2023\/06\/Historia-de-un-producto-La-tarjeta-de-visita26.png\" \/>\n\t<meta property=\"og:image:width\" content=\"800\" \/>\n\t<meta property=\"og:image:height\" content=\"500\" \/>\n\t<meta property=\"og:image:type\" content=\"image\/png\" \/>\n<meta name=\"author\" content=\"Aroa\" \/>\n<meta name=\"twitter:card\" content=\"summary_large_image\" \/>\n<meta name=\"twitter:creator\" content=\"@realisaprintES\" \/>\n<meta name=\"twitter:label1\" content=\"Escrito por\" \/>\n\t<meta name=\"twitter:data1\" content=\"Aroa\" \/>\n\t<meta name=\"twitter:label2\" content=\"Tiempo de lectura\" \/>\n\t<meta name=\"twitter:data2\" content=\"5 minutos\" \/>\n<!-- \/ Yoast SEO plugin. -->","yoast_head_json":{"title":"Del 19 al 21 de septiembre, \u00a1ven a conocernos en C!Print Madrid!","description":"C!Print Madrid es un evento destacado para la industria gr\u00e1fica, este a\u00f1o se llevar\u00e1 a cabo del 19 al 21 de septiembre en IFEMA.","robots":{"index":"index","follow":"follow","max-snippet":"max-snippet:-1","max-image-preview":"max-image-preview:large","max-video-preview":"max-video-preview:-1"},"canonical":"https:\/\/www.realisaprint.es\/actualidad\/nuestras-novedades\/resumen-de-las-noticias\/cprint-madrid-septiembre-ifema\/","og_locale":"es_ES","og_type":"article","og_title":"Del 19 al 21 de septiembre, \u00a1ven a conocernos en C!Print Madrid!","og_description":"C!Print Madrid es un evento destacado para la industria gr\u00e1fica, este a\u00f1o se llevar\u00e1 a cabo del 19 al 21 de septiembre en IFEMA.","og_url":"https:\/\/www.realisaprint.es\/actualidad\/nuestras-novedades\/resumen-de-las-noticias\/cprint-madrid-septiembre-ifema\/","og_site_name":"El Blog Realisaprint","article_published_time":"2023-06-12T14:32:22+00:00","article_modified_time":"2023-10-11T13:36:05+00:00","og_image":[{"width":800,"height":500,"url":"https:\/\/www.realisaprint.es\/actualidad\/wp-content\/uploads\/2023\/06\/Historia-de-un-producto-La-tarjeta-de-visita26.png","type":"image\/png"}],"author":"Aroa","twitter_card":"summary_large_image","twitter_creator":"@realisaprintES","twitter_misc":{"Escrito por":"Aroa","Tiempo de lectura":"5 minutos"},"schema":{"@context":"https:\/\/schema.org","@graph":[{"@type":"WebPage","@id":"https:\/\/www.realisaprint.es\/actualidad\/nuestras-novedades\/resumen-de-las-noticias\/cprint-madrid-septiembre-ifema\/","url":"https:\/\/www.realisaprint.es\/actualidad\/nuestras-novedades\/resumen-de-las-noticias\/cprint-madrid-septiembre-ifema\/","name":"Del 19 al 21 de septiembre, \u00a1ven a conocernos en C!Print Madrid!","isPartOf":{"@id":"https:\/\/www.realisaprint.es\/actualidad\/#website"},"primaryImageOfPage":{"@id":"https:\/\/www.realisaprint.es\/actualidad\/nuestras-novedades\/resumen-de-las-noticias\/cprint-madrid-septiembre-ifema\/#primaryimage"},"image":{"@id":"https:\/\/www.realisaprint.es\/actualidad\/nuestras-novedades\/resumen-de-las-noticias\/cprint-madrid-septiembre-ifema\/#primaryimage"},"thumbnailUrl":"https:\/\/www.realisaprint.es\/actualidad\/wp-content\/uploads\/2023\/06\/Historia-de-un-producto-La-tarjeta-de-visita26.png","datePublished":"2023-06-12T14:32:22+00:00","dateModified":"2023-10-11T13:36:05+00:00","author":{"@id":"https:\/\/www.realisaprint.es\/actualidad\/#\/schema\/person\/4c58013a27b2c79c7c439d3ad2372f15"},"description":"C!Print Madrid es un evento destacado para la industria gr\u00e1fica, este a\u00f1o se llevar\u00e1 a cabo del 19 al 21 de septiembre en IFEMA.","breadcrumb":{"@id":"https:\/\/www.realisaprint.es\/actualidad\/nuestras-novedades\/resumen-de-las-noticias\/cprint-madrid-septiembre-ifema\/#breadcrumb"},"inLanguage":"es-ES","potentialAction":[{"@type":"ReadAction","target":["https:\/\/www.realisaprint.es\/actualidad\/nuestras-novedades\/resumen-de-las-noticias\/cprint-madrid-septiembre-ifema\/"]}]},{"@type":"ImageObject","inLanguage":"es-ES","@id":"https:\/\/www.realisaprint.es\/actualidad\/nuestras-novedades\/resumen-de-las-noticias\/cprint-madrid-septiembre-ifema\/#primaryimage","url":"https:\/\/www.realisaprint.es\/actualidad\/wp-content\/uploads\/2023\/06\/Historia-de-un-producto-La-tarjeta-de-visita26.png","contentUrl":"https:\/\/www.realisaprint.es\/actualidad\/wp-content\/uploads\/2023\/06\/Historia-de-un-producto-La-tarjeta-de-visita26.png","width":800,"height":500},{"@type":"BreadcrumbList","@id":"https:\/\/www.realisaprint.es\/actualidad\/nuestras-novedades\/resumen-de-las-noticias\/cprint-madrid-septiembre-ifema\/#breadcrumb","itemListElement":[{"@type":"ListItem","position":1,"name":"Accueil","item":"https:\/\/www.realisaprint.es\/actualidad\/"},{"@type":"ListItem","position":2,"name":"C!Print Madrid 2023: En IFEMA del 19 al 21 de septiembre"}]},{"@type":"WebSite","@id":"https:\/\/www.realisaprint.es\/actualidad\/#website","url":"https:\/\/www.realisaprint.es\/actualidad\/","name":"El Blog Realisaprint","description":"","potentialAction":[{"@type":"SearchAction","target":{"@type":"EntryPoint","urlTemplate":"https:\/\/www.realisaprint.es\/actualidad\/?s={search_term_string}"},"query-input":{"@type":"PropertyValueSpecification","valueRequired":true,"valueName":"search_term_string"}}],"inLanguage":"es-ES"},{"@type":"Person","@id":"https:\/\/www.realisaprint.es\/actualidad\/#\/schema\/person\/4c58013a27b2c79c7c439d3ad2372f15","name":"Aroa","image":{"@type":"ImageObject","inLanguage":"es-ES","@id":"https:\/\/www.realisaprint.es\/actualidad\/#\/schema\/person\/image\/","url":"https:\/\/secure.gravatar.com\/avatar\/c5ff172023cb07b70fe37388c0c76ee6?s=96&d=mm&r=g","contentUrl":"https:\/\/secure.gravatar.com\/avatar\/c5ff172023cb07b70fe37388c0c76ee6?s=96&d=mm&r=g","caption":"Aroa"},"sameAs":["https:\/\/www.instagram.com\/realisaprint.es\/","https:\/\/www.linkedin.com\/company\/realisaprint-es\/","https:\/\/x.com\/realisaprintES"],"url":"https:\/\/www.realisaprint.es\/actualidad\/author\/redacteur\/"}]}},"_links":{"self":[{"href":"https:\/\/www.realisaprint.es\/actualidad\/wp-json\/wp\/v2\/posts\/2354"}],"collection":[{"href":"https:\/\/www.realisaprint.es\/actualidad\/wp-json\/wp\/v2\/posts"}],"about":[{"href":"https:\/\/www.realisaprint.es\/actualidad\/wp-json\/wp\/v2\/types\/post"}],"author":[{"embeddable":true,"href":"https:\/\/www.realisaprint.es\/actualidad\/wp-json\/wp\/v2\/users\/2"}],"replies":[{"embeddable":true,"href":"https:\/\/www.realisaprint.es\/actualidad\/wp-json\/wp\/v2\/comments?post=2354"}],"version-history":[{"count":4,"href":"https:\/\/www.realisaprint.es\/actualidad\/wp-json\/wp\/v2\/posts\/2354\/revisions"}],"predecessor-version":[{"id":2364,"href":"https:\/\/www.realisaprint.es\/actualidad\/wp-json\/wp\/v2\/posts\/2354\/revisions\/2364"}],"wp:featuredmedia":[{"embeddable":true,"href":"https:\/\/www.realisaprint.es\/actualidad\/wp-json\/wp\/v2\/media\/2366"}],"wp:attachment":[{"href":"https:\/\/www.realisaprint.es\/actualidad\/wp-json\/wp\/v2\/media?parent=2354"}],"wp:term":[{"taxonomy":"category","embeddable":true,"href":"https:\/\/www.realisaprint.es\/actualidad\/wp-json\/wp\/v2\/categories?post=2354"},{"taxonomy":"post_tag","embeddable":true,"href":"https:\/\/www.realisaprint.es\/actualidad\/wp-json\/wp\/v2\/tags?post=2354"}],"curies":[{"name":"wp","href":"https:\/\/api.w.org\/{rel}","templated":true}]}}