{"id":1212,"date":"2023-01-12T15:20:35","date_gmt":"2023-01-12T14:20:35","guid":{"rendered":"https:\/\/www.realisaprint.es\/actualidad\/?p=1212"},"modified":"2024-05-03T10:37:44","modified_gmt":"2024-05-03T08:37:44","slug":"eventos-del-mundo-de-la-impresion-y-personalizacion-del-2023","status":"publish","type":"post","link":"https:\/\/www.realisaprint.es\/actualidad\/productos\/eventos-del-mundo-de-la-impresion-y-personalizacion-del-2023\/","title":{"rendered":"Eventos del mundo de la impresi\u00f3n y personalizaci\u00f3n del 2023."},"content":{"rendered":"\n<p>Te invitamos a echar un vistazo a los diferentes eventos de impresi\u00f3n del 2023 que har\u00e1n revuelo en la industria \u00a1No te los pierdas!<\/p>\n\n\n\n<!--more-->\n\n\n\n<p>El 2023 ha comenzado, y te estar\u00e1s preguntando cu\u00e1les son los eventos m\u00e1s importantes de la industria gr\u00e1fica. Pues te hemos hecho una lista de eventos de la industria gr\u00e1fica y de la impresi\u00f3n, para que le eches un vistazo y no te lo pierdas.<\/p>\n\n\n\n<div style=\"height:33px\" aria-hidden=\"true\" class=\"wp-block-spacer\"><\/div>\n\n\n\n<h2 class=\"wp-block-heading\"><strong>1- <\/strong><a href=\"https:\/\/www.psi-messe.com\/en-gb.html\"><strong>PSI (Sal\u00f3n l\u00edder internacional de art\u00edculos promocionales)<\/strong><\/a><\/h2>\n\n\n<div class=\"wp-block-image\">\n<figure class=\"alignright size-full is-resized\"><img loading=\"lazy\" decoding=\"async\" width=\"200\" height=\"200\" src=\"https:\/\/www.realisaprint.es\/actualidad\/wp-content\/uploads\/2023\/01\/psi_logo_292.webp\" alt=\"\" class=\"wp-image-1222\" style=\"width:237px;height:237px\" srcset=\"https:\/\/www.realisaprint.es\/actualidad\/wp-content\/uploads\/2023\/01\/psi_logo_292.webp 200w, https:\/\/www.realisaprint.es\/actualidad\/wp-content\/uploads\/2023\/01\/psi_logo_292-150x150.webp 150w, https:\/\/www.realisaprint.es\/actualidad\/wp-content\/uploads\/2023\/01\/psi_logo_292-120x120.webp 120w\" sizes=\"(max-width: 200px) 100vw, 200px\" \/><\/figure><\/div>\n\n\n<p>PSI son las siglas de Promotional Product Service Institute. Esta red comercial se considera organizadora y portavoz de la industria europea de productos promocionales y ha creado, con la PSI, una feria l\u00edder de productos promocionales y el mayor punto de encuentro del sector en todo el mundo. La feria se celebra una vez al a\u00f1o en D\u00fcsseldorf y solamente pueden acceder a ella los visitantes profesionales. Muestra todo lo que hay que saber sobre publicidad impresa y art\u00edculos promocionales. Se centra en textiles, l\u00e1pices, bolsas y estuches, series especiales y otros art\u00edculos promocionales.<\/p>\n\n\n\n<p><strong>FECHA: <\/strong>10-12 de ENE <strong>2023<\/strong><\/p>\n\n\n\n<p><strong>HORARIOS:<\/strong><\/p>\n\n\n\n<ul class=\"wp-block-list\">\n<li><strong>Martes:<\/strong> &nbsp;10.01.&nbsp;&nbsp;09:00 \u2013 18:00 h<\/li>\n\n\n\n<li><strong>Mi\u00e9rcoles:<\/strong> 11.01.&nbsp;&nbsp;09 :00 \u2013 18 :00 h<strong><\/strong><\/li>\n\n\n\n<li><strong>Jueves:<\/strong> 12.01.&nbsp;&nbsp;09 :00 \u2013 16 :00 h<strong><\/strong><\/li>\n<\/ul>\n\n\n\n<p><strong>LUGAR: &nbsp;<\/strong>Reed Exhibitions Deutschland GmbH V\u00f6lklinger Str. 4 40219 D\u00fcsseldorf, Allemagne<\/p>\n\n\n\n<div style=\"height:42px\" aria-hidden=\"true\" class=\"wp-block-spacer\"><\/div>\n\n\n\n<h2 class=\"wp-block-heading has-black-color has-text-color\"><strong>2- <a href=\"https:\/\/www.ifema.es\/en\/promogift\">PROMOGIFT<\/a><\/strong><\/h2>\n\n\n<div class=\"wp-block-image\">\n<figure class=\"alignright size-full is-resized\"><img loading=\"lazy\" decoding=\"async\" width=\"123\" height=\"40\" src=\"https:\/\/www.realisaprint.es\/actualidad\/wp-content\/uploads\/2023\/01\/logo-cabecera-promogift-1.jpg\" alt=\"\" class=\"wp-image-1224\" style=\"width:199px;height:65px\" srcset=\"https:\/\/www.realisaprint.es\/actualidad\/wp-content\/uploads\/2023\/01\/logo-cabecera-promogift-1.jpg 123w, https:\/\/www.realisaprint.es\/actualidad\/wp-content\/uploads\/2023\/01\/logo-cabecera-promogift-1-120x40.jpg 120w\" sizes=\"(max-width: 123px) 100vw, 123px\" \/><\/figure><\/div>\n\n\n<p>Promogift, una de las m\u00e1s rentables plataformas de negocio y una valiosa herramienta comercial, donde se encuentran todos los agentes del sector del PTO (Publicidad a Trav\u00e9s del Objeto), reclamistas, agencias de publicidad y de comunicaci\u00f3n, rotulistas y artes gr\u00e1ficas.<\/p>\n\n\n\n<p><strong>FECHA:<\/strong> 7 &#8211; 9 FEB <strong>2023<\/strong><\/p>\n\n\n\n<p><strong>HORARIOS: <\/strong>por confirmar<\/p>\n\n\n\n<p><strong>LUGAR: <\/strong>Avda. del Parten\u00f3n, 5 28042 Madrid, Espa\u00f1a \/ Spain<\/p>\n\n\n\n<div style=\"height:37px\" aria-hidden=\"true\" class=\"wp-block-spacer\"><\/div>\n\n\n\n<h2 class=\"wp-block-heading\"><strong>3- <a href=\"https:\/\/www.portugalprint.com\/\">PORTUGAL PRINT<\/a><\/strong><\/h2>\n\n\n\n<p>La Portugal Print, Packaging &amp; Labeling, que tuvo lugar del 14 al 16 de febrero en Lisboa, se ha convertido en una de las ferias m\u00e1s prestigiosas e importantes en la industria gr\u00e1fica. Debido a los resultados positivos de la participaci\u00f3n de EMETR\u00caS M3 del pasado a\u00f1o, result\u00f3 l\u00f3gico para CITO y para su socio portugu\u00e9s <strong>EMETR\u00caS M3<\/strong>\u00a0volver a exponer en la feria en 2019.<\/p>\n\n\n<div class=\"wp-block-image\">\n<figure class=\"alignright size-full\"><img loading=\"lazy\" decoding=\"async\" width=\"270\" height=\"100\" src=\"https:\/\/www.realisaprint.es\/actualidad\/wp-content\/uploads\/2023\/01\/logo_EPP_1x.png\" alt=\"\" class=\"wp-image-1229\"\/><\/figure><\/div>\n\n\n<p><strong>FECHA: <\/strong>De 16 a 18 FEB <strong>2023<\/strong><\/p>\n\n\n\n<p><strong>HORARIOS:<\/strong> 10h a las 18h<\/p>\n\n\n\n<p><strong>LUGAR:<\/strong> Av. Dr. Ant\u00f3nio Macedo, 574 \u2013 Le\u00e7a da Palmeira | 4454-515 Matosinhos \u2013 Portugal<\/p>\n\n\n\n<div style=\"height:44px\" aria-hidden=\"true\" class=\"wp-block-spacer\"><\/div>\n\n\n\n<h2 class=\"wp-block-heading\"><strong>4- <a href=\"https:\/\/www.empackmadrid.com\/es\/\">EMPACK<\/a><\/strong><\/h2>\n\n\n<div class=\"wp-block-image\">\n<figure class=\"alignright size-full is-resized\"><img loading=\"lazy\" decoding=\"async\" width=\"600\" height=\"381\" src=\"https:\/\/www.realisaprint.es\/actualidad\/wp-content\/uploads\/2023\/01\/logo-empackmadrid.png\" alt=\"\" class=\"wp-image-1225\" style=\"width:322px;height:204px\" srcset=\"https:\/\/www.realisaprint.es\/actualidad\/wp-content\/uploads\/2023\/01\/logo-empackmadrid.png 600w, https:\/\/www.realisaprint.es\/actualidad\/wp-content\/uploads\/2023\/01\/logo-empackmadrid-300x191.png 300w\" sizes=\"(max-width: 600px) 100vw, 600px\" \/><\/figure><\/div>\n\n\n<p>Los sectores del packaging y la log\u00edstica reunidos por primera vez en el norte de Espa\u00f1a. Dos d\u00edas en los que Bilbao se convertir\u00e1 en el punto de encuentro de los sectores de envase, embalaje, intralog\u00edstica, log\u00edstica y transport, con el lanzamiento en primicia de Transport &amp; Delivery.<\/p>\n\n\n\n<p><strong>FECHA: <\/strong>1 y 2 de MARZO <strong>2023<\/strong><\/p>\n\n\n\n<p><strong>HORARIOS:<\/strong> 10:00 \u2013 18:30<\/p>\n\n\n\n<p><strong>LUGAR: <\/strong>Bilbao Exhibition Centre Azkue Kalea, 1, 48902 Barakaldo, Bizkaia<\/p>\n\n\n\n<div style=\"height:39px\" aria-hidden=\"true\" class=\"wp-block-spacer\"><\/div>\n\n\n\n<h2 class=\"wp-block-heading\">5- <a href=\"https:\/\/www.pickpackexpo.com\/\"><strong>PICK AND PACK<\/strong><\/a><\/h2>\n\n\n<div class=\"wp-block-image\">\n<figure class=\"alignright size-full is-resized\"><img loading=\"lazy\" decoding=\"async\" width=\"128\" height=\"60\" src=\"https:\/\/www.realisaprint.es\/actualidad\/wp-content\/uploads\/2023\/01\/logo-header-pickpackexpo.png\" alt=\"\" class=\"wp-image-1226\" style=\"width:247px;height:116px\"\/><\/figure><\/div>\n\n\n<p><strong>PICK&amp;PACK <\/strong><strong>propone abrazar la digitalizaci\u00f3n, la inteligencia artificial, la rob\u00f3tica, la impresi\u00f3n 3D, los nuevos sistemas de procesado o los materiales m\u00e1s sostenibles<\/strong><strong> <\/strong>para el packaging, as\u00ed como los instrumentos que van a transformar las empresas en f\u00e1bricas y almacenes m\u00e1s eficientes, inteligentes y productivos<strong>.<\/strong><\/p>\n\n\n\n<p><strong>FECHAS: <\/strong>25- 27 ABRIL<strong> 2023<\/strong><\/p>\n\n\n\n<p><strong>HORARIOS:<\/strong><\/p>\n\n\n\n<ul class=\"wp-block-list\">\n<li><strong>25 de abril:<\/strong> de 9.30 a 19.00 h.<\/li>\n\n\n\n<li><strong>26 de abril:<\/strong> de 9.30 a 19.00 h.<\/li>\n\n\n\n<li><strong>27 de abril:<\/strong> de 9.30 a 17.00 h.<\/li>\n<\/ul>\n\n\n\n<p><strong>LUGAR: &nbsp;Feria de Madrid \u2013 IFEMA \u2013 Pabell\u00f3n 9<\/strong> Avda. del Parten\u00f3n, 5 28042 Madrid, Espa\u00f1a<\/p>\n\n\n\n<div style=\"height:42px\" aria-hidden=\"true\" class=\"wp-block-spacer\"><\/div>\n\n\n\n<h2 class=\"wp-block-heading\"><strong>6- <a href=\"https:\/\/www.fespaglobalprintexpo.com\/\">FESPA GLOBAL PRINT EXPO<\/a><\/strong><\/h2>\n\n\n<div class=\"wp-block-image\">\n<figure class=\"alignright size-full is-resized\"><img loading=\"lazy\" decoding=\"async\" width=\"750\" height=\"750\" src=\"https:\/\/www.realisaprint.es\/actualidad\/wp-content\/uploads\/2023\/01\/GPE-2023-Logo.webp\" alt=\"\" class=\"wp-image-1227\" style=\"width:254px;height:254px\" srcset=\"https:\/\/www.realisaprint.es\/actualidad\/wp-content\/uploads\/2023\/01\/GPE-2023-Logo.webp 750w, https:\/\/www.realisaprint.es\/actualidad\/wp-content\/uploads\/2023\/01\/GPE-2023-Logo-300x300.webp 300w, https:\/\/www.realisaprint.es\/actualidad\/wp-content\/uploads\/2023\/01\/GPE-2023-Logo-150x150.webp 150w, https:\/\/www.realisaprint.es\/actualidad\/wp-content\/uploads\/2023\/01\/GPE-2023-Logo-250x250.webp 250w, https:\/\/www.realisaprint.es\/actualidad\/wp-content\/uploads\/2023\/01\/GPE-2023-Logo-120x120.webp 120w\" sizes=\"(max-width: 750px) 100vw, 750px\" \/><\/figure><\/div>\n\n\n<p>FESPA Global Print Expo es la exposici\u00f3n l\u00edder en Europa para serigraf\u00eda e impresi\u00f3n digital, de gran formato y textil. Casi 57 a\u00f1os despu\u00e9s de su primera exposici\u00f3n, FESPA Global Print Expo se ha establecido firmemente como la exposici\u00f3n de impresi\u00f3n l\u00edder en Europa, proporcionando a los visitantes acceso a expositores de impresi\u00f3n digital de gran formato, serigraf\u00eda e impresi\u00f3n textil y se\u00f1alizaci\u00f3n, y la oportunidad de descubrir el diverso y creativo mundo de la impresi\u00f3n especializada.<\/p>\n\n\n\n<p>Los visitantes pueden compartir conocimientos, explorar nuevas tendencias, invertir en nueva maquinaria de impresi\u00f3n o consumibles y descubrir las diferentes aplicaciones que dan vida al color.<\/p>\n\n\n\n<p><strong>FECHAS: <\/strong>23- 26 de MAYO <strong>2023.<\/strong><strong><\/strong><\/p>\n\n\n\n<p><strong>HORARIOS:<\/strong><\/p>\n\n\n\n<ul class=\"wp-block-list\">\n<li>23 Mayo: 10:00 &#8211; 18:00<\/li>\n\n\n\n<li>Mi\u00e9rcoles 24 Mayo | 10:00 &#8211; 18:00<\/li>\n\n\n\n<li>Jueves 25 Mayo | 10:00 &#8211; 18:00<\/li>\n\n\n\n<li>Viernes 26 Mayo | 10:00 &#8211; 15:00<\/li>\n<\/ul>\n\n\n\n<p><strong>LUGAR:<\/strong>&nbsp; Messegel\u00e4nde, 81823 M\u00fanich, Baviera, Alemania Munich (DE)<\/p>\n\n\n\n<div style=\"height:35px\" aria-hidden=\"true\" class=\"wp-block-spacer\"><\/div>\n\n\n\n<h2 class=\"wp-block-heading\"><strong>7- <a href=\"https:\/\/www.labelexpo-europe.com\/\">LABELEXPO:<\/a><\/strong><\/h2>\n\n\n<div class=\"wp-block-image\">\n<figure class=\"alignright size-full is-resized\"><img loading=\"lazy\" decoding=\"async\" width=\"202\" height=\"74\" src=\"https:\/\/www.realisaprint.es\/actualidad\/wp-content\/uploads\/2023\/01\/logo-2023.png\" alt=\"\" class=\"wp-image-1228\" style=\"width:324px;height:119px\"\/><\/figure><\/div>\n\n\n<p>Tanto si se trata de maquinaria como de materiales, es esencial que elija con conocimiento de causa. Lo ideal ser\u00eda ver todas las opciones disponibles bajo un mismo techo. Ve a Labelexpo Europe 2023 para escuchar el sonido de las m\u00e1quinas en funcionamiento, sentir la textura de los sustratos y comprobar por s\u00ed mismo la calidad de la impresi\u00f3n.<\/p>\n\n\n\n<p><strong>FECHAS: <\/strong>11-14 SEP <strong>2023<\/strong><\/p>\n\n\n\n<p><strong>HORARIOS:<\/strong><\/p>\n\n\n\n<ul class=\"wp-block-list\">\n<li>11 septembre, 9h30 &#8211; 17h30<\/li>\n\n\n\n<li>12 septembre, 9h30 &#8211; 17h30<\/li>\n\n\n\n<li>13 septembre, 9h30 &#8211; 17h30<\/li>\n\n\n\n<li>14 septembre, 9h30 &#8211; 16h00<\/li>\n<\/ul>\n\n\n\n<p><strong>LUGAR<\/strong>: Brussels Expo Place de Belgique, 1 1020 Laeken<\/p>\n\n\n\n<div style=\"height:32px\" aria-hidden=\"true\" class=\"wp-block-spacer\"><\/div>\n\n\n\n<h2 class=\"wp-block-heading\"><strong>8- <a href=\"https:\/\/www.ifema.es\/en\/digicom\">DIGICOM<\/a><\/strong><\/h2>\n\n\n<div class=\"wp-block-image\">\n<figure class=\"alignright size-full is-resized\"><img loading=\"lazy\" decoding=\"async\" width=\"400\" height=\"300\" src=\"https:\/\/www.realisaprint.es\/actualidad\/wp-content\/uploads\/2023\/01\/logo_color_digicom-1.jpg\" alt=\"\" class=\"wp-image-1230\" style=\"width:252px;height:189px\" srcset=\"https:\/\/www.realisaprint.es\/actualidad\/wp-content\/uploads\/2023\/01\/logo_color_digicom-1.jpg 400w, https:\/\/www.realisaprint.es\/actualidad\/wp-content\/uploads\/2023\/01\/logo_color_digicom-1-300x225.jpg 300w\" sizes=\"(max-width: 400px) 100vw, 400px\" \/><\/figure><\/div>\n\n\n<p>Es una feria referente para la industria gr\u00e1fica y la comunicaci\u00f3n visual de la pen\u00ednsula ib\u00e9rica. Este evento re\u00fane m\u00e1s de 125 expositores de los sectores de <strong>packaging <\/strong>y <strong>labelling<\/strong>, sistemas de acabo y transformaci\u00f3n, servicios y centros de impresi\u00f3n, 3D Printin, entre otros\u2026<\/p>\n\n\n\n<ul class=\"wp-block-list\">\n<li><strong>FECHAS \u2013 HORARIOS- LUGAR: <\/strong>POR CONFIMAR<\/li>\n<\/ul>\n\n\n\n<div style=\"height:39px\" aria-hidden=\"true\" class=\"wp-block-spacer\"><\/div>\n\n\n\n<h2 class=\"wp-block-heading\">9- <a href=\"https:\/\/salon-cprint.es\/por-que-visitar-cprint-madrid\/\"><strong>C! PRINT MADRID<\/strong><\/a><\/h2>\n\n\n<div class=\"wp-block-image\">\n<figure class=\"alignright size-large is-resized\"><img loading=\"lazy\" decoding=\"async\" width=\"1024\" height=\"307\" src=\"https:\/\/www.realisaprint.es\/actualidad\/wp-content\/uploads\/2023\/01\/logo-2017-1024x307.png\" alt=\"\" class=\"wp-image-1231\" style=\"width:333px;height:99px\" srcset=\"https:\/\/www.realisaprint.es\/actualidad\/wp-content\/uploads\/2023\/01\/logo-2017-1024x307.png 1024w, https:\/\/www.realisaprint.es\/actualidad\/wp-content\/uploads\/2023\/01\/logo-2017-300x90.png 300w, https:\/\/www.realisaprint.es\/actualidad\/wp-content\/uploads\/2023\/01\/logo-2017-768x230.png 768w, https:\/\/www.realisaprint.es\/actualidad\/wp-content\/uploads\/2023\/01\/logo-2017-1536x460.png 1536w, https:\/\/www.realisaprint.es\/actualidad\/wp-content\/uploads\/2023\/01\/logo-2017.png 1974w\" sizes=\"(max-width: 1024px) 100vw, 1024px\" \/><\/figure><\/div>\n\n\n<p>Un sal\u00f3n innovador y din\u00e1mico dirigido a profesionales de la industria gr\u00e1fica, la comunicaci\u00f3n visual y la personalizaci\u00f3n, con espacios de contenido genuino que aportan un verdadero valor a\u00f1adido al visitante. Tras una exitosa <strong><a href=\"https:\/\/salon-cprint.es\/\">s\u00e9ptima&nbsp;edici\u00f3n<\/a>,<\/strong>&nbsp;en la que se asisti\u00f3 al reencuentro del sector, C!Print Madrid vuelve en 2023, para reunir a&nbsp;<strong>los actores principales <\/strong>del sector de la <strong>comunicaci\u00f3n visual, la impresi\u00f3n y la personalizaci\u00f3n,<\/strong>&nbsp;y tambi\u00e9n a los nuevos integrantes de un mercado en constante crecimiento como las industrias creativas: <strong>especialistas en comunicaci\u00f3n y marketing, decoradores, retailers, interioristas, arquitectos, dise\u00f1adores\u2026<\/strong><\/p>\n\n\n\n<ul class=\"wp-block-list\">\n<li><strong>FECHAS \u2013 HORARIOS- LUGAR: <\/strong>POR CONFIMAR<\/li>\n<\/ul>\n\n\n\n<div style=\"height:37px\" aria-hidden=\"true\" class=\"wp-block-spacer\"><\/div>\n\n\n\n<blockquote class=\"wp-block-quote is-layout-flow wp-block-quote-is-layout-flow\">\n<p><em>Si quieres saberlo todo acerca de la industria gr\u00e1fica, de la impresi\u00f3n y la personalizaci\u00f3n textil o de objetos publicitarios \u00a1no lo pienses m\u00e1s y no te pierdas de estos maravillosos e interesantes eventos!<\/em><\/p>\n<\/blockquote>\n","protected":false},"excerpt":{"rendered":"<p>Te invitamos a echar un vistazo a los diferentes eventos de impresi\u00f3n del 2023 que har\u00e1n revuelo en la industria \u00a1No te los pierdas!<\/p>\n","protected":false},"author":2,"featured_media":1214,"comment_status":"open","ping_status":"open","sticky":false,"template":"","format":"standard","meta":{"_monsterinsights_skip_tracking":false,"_monsterinsights_sitenote_active":false,"_monsterinsights_sitenote_note":"","_monsterinsights_sitenote_category":0,"footnotes":""},"categories":[3],"tags":[],"class_list":["post-1212","post","type-post","status-publish","format-standard","has-post-thumbnail","hentry","category-productos"],"yoast_head":"<!-- This site is optimized with the Yoast SEO plugin v23.4 - https:\/\/yoast.com\/wordpress\/plugins\/seo\/ -->\n<title>Descubre los eventos del mundo de la impresi\u00f3n del 2023.<\/title>\n<meta name=\"description\" content=\"Te invitamos a echar un vistazo a los diferentes eventos que har\u00e1n revuelo en la industria de la impresi\u00f3n en el 2023 \u00a1No te los pierdas!\" \/>\n<meta name=\"robots\" content=\"index, follow, max-snippet:-1, max-image-preview:large, max-video-preview:-1\" \/>\n<link rel=\"canonical\" href=\"https:\/\/www.realisaprint.es\/actualidad\/productos\/eventos-del-mundo-de-la-impresion-y-personalizacion-del-2023\/\" \/>\n<meta property=\"og:locale\" content=\"es_ES\" \/>\n<meta property=\"og:type\" content=\"article\" \/>\n<meta property=\"og:title\" content=\"Descubre los eventos del mundo de la impresi\u00f3n del 2023.\" \/>\n<meta property=\"og:description\" content=\"Te invitamos a echar un vistazo a los diferentes eventos que har\u00e1n revuelo en la industria de la impresi\u00f3n en el 2023 \u00a1No te los pierdas!\" \/>\n<meta property=\"og:url\" content=\"https:\/\/www.realisaprint.es\/actualidad\/productos\/eventos-del-mundo-de-la-impresion-y-personalizacion-del-2023\/\" \/>\n<meta property=\"og:site_name\" content=\"El Blog Realisaprint\" \/>\n<meta property=\"article:published_time\" content=\"2023-01-12T14:20:35+00:00\" \/>\n<meta property=\"article:modified_time\" content=\"2024-05-03T08:37:44+00:00\" \/>\n<meta property=\"og:image\" content=\"https:\/\/www.realisaprint.es\/actualidad\/wp-content\/uploads\/2023\/01\/eventos-2023.jpg\" \/>\n\t<meta property=\"og:image:width\" content=\"800\" \/>\n\t<meta property=\"og:image:height\" content=\"500\" \/>\n\t<meta property=\"og:image:type\" content=\"image\/jpeg\" \/>\n<meta name=\"author\" content=\"Aroa\" \/>\n<meta name=\"twitter:card\" content=\"summary_large_image\" \/>\n<meta name=\"twitter:creator\" content=\"@realisaprintES\" \/>\n<meta name=\"twitter:label1\" content=\"Escrito por\" \/>\n\t<meta name=\"twitter:data1\" content=\"Aroa\" \/>\n\t<meta name=\"twitter:label2\" content=\"Tiempo de lectura\" \/>\n\t<meta name=\"twitter:data2\" content=\"6 minutos\" \/>\n<!-- \/ Yoast SEO plugin. -->","yoast_head_json":{"title":"Descubre los eventos del mundo de la impresi\u00f3n del 2023.","description":"Te invitamos a echar un vistazo a los diferentes eventos que har\u00e1n revuelo en la industria de la impresi\u00f3n en el 2023 \u00a1No te los pierdas!","robots":{"index":"index","follow":"follow","max-snippet":"max-snippet:-1","max-image-preview":"max-image-preview:large","max-video-preview":"max-video-preview:-1"},"canonical":"https:\/\/www.realisaprint.es\/actualidad\/productos\/eventos-del-mundo-de-la-impresion-y-personalizacion-del-2023\/","og_locale":"es_ES","og_type":"article","og_title":"Descubre los eventos del mundo de la impresi\u00f3n del 2023.","og_description":"Te invitamos a echar un vistazo a los diferentes eventos que har\u00e1n revuelo en la industria de la impresi\u00f3n en el 2023 \u00a1No te los pierdas!","og_url":"https:\/\/www.realisaprint.es\/actualidad\/productos\/eventos-del-mundo-de-la-impresion-y-personalizacion-del-2023\/","og_site_name":"El Blog Realisaprint","article_published_time":"2023-01-12T14:20:35+00:00","article_modified_time":"2024-05-03T08:37:44+00:00","og_image":[{"width":800,"height":500,"url":"https:\/\/www.realisaprint.es\/actualidad\/wp-content\/uploads\/2023\/01\/eventos-2023.jpg","type":"image\/jpeg"}],"author":"Aroa","twitter_card":"summary_large_image","twitter_creator":"@realisaprintES","twitter_misc":{"Escrito por":"Aroa","Tiempo de lectura":"6 minutos"},"schema":{"@context":"https:\/\/schema.org","@graph":[{"@type":"WebPage","@id":"https:\/\/www.realisaprint.es\/actualidad\/productos\/eventos-del-mundo-de-la-impresion-y-personalizacion-del-2023\/","url":"https:\/\/www.realisaprint.es\/actualidad\/productos\/eventos-del-mundo-de-la-impresion-y-personalizacion-del-2023\/","name":"Descubre los eventos del mundo de la impresi\u00f3n del 2023.","isPartOf":{"@id":"https:\/\/www.realisaprint.es\/actualidad\/#website"},"primaryImageOfPage":{"@id":"https:\/\/www.realisaprint.es\/actualidad\/productos\/eventos-del-mundo-de-la-impresion-y-personalizacion-del-2023\/#primaryimage"},"image":{"@id":"https:\/\/www.realisaprint.es\/actualidad\/productos\/eventos-del-mundo-de-la-impresion-y-personalizacion-del-2023\/#primaryimage"},"thumbnailUrl":"https:\/\/www.realisaprint.es\/actualidad\/wp-content\/uploads\/2023\/01\/eventos-2023.jpg","datePublished":"2023-01-12T14:20:35+00:00","dateModified":"2024-05-03T08:37:44+00:00","author":{"@id":"https:\/\/www.realisaprint.es\/actualidad\/#\/schema\/person\/4c58013a27b2c79c7c439d3ad2372f15"},"description":"Te invitamos a echar un vistazo a los diferentes eventos que har\u00e1n revuelo en la industria de la impresi\u00f3n en el 2023 \u00a1No te los pierdas!","breadcrumb":{"@id":"https:\/\/www.realisaprint.es\/actualidad\/productos\/eventos-del-mundo-de-la-impresion-y-personalizacion-del-2023\/#breadcrumb"},"inLanguage":"es-ES","potentialAction":[{"@type":"ReadAction","target":["https:\/\/www.realisaprint.es\/actualidad\/productos\/eventos-del-mundo-de-la-impresion-y-personalizacion-del-2023\/"]}]},{"@type":"ImageObject","inLanguage":"es-ES","@id":"https:\/\/www.realisaprint.es\/actualidad\/productos\/eventos-del-mundo-de-la-impresion-y-personalizacion-del-2023\/#primaryimage","url":"https:\/\/www.realisaprint.es\/actualidad\/wp-content\/uploads\/2023\/01\/eventos-2023.jpg","contentUrl":"https:\/\/www.realisaprint.es\/actualidad\/wp-content\/uploads\/2023\/01\/eventos-2023.jpg","width":800,"height":500},{"@type":"BreadcrumbList","@id":"https:\/\/www.realisaprint.es\/actualidad\/productos\/eventos-del-mundo-de-la-impresion-y-personalizacion-del-2023\/#breadcrumb","itemListElement":[{"@type":"ListItem","position":1,"name":"Accueil","item":"https:\/\/www.realisaprint.es\/actualidad\/"},{"@type":"ListItem","position":2,"name":"Eventos del mundo de la impresi\u00f3n y personalizaci\u00f3n del 2023."}]},{"@type":"WebSite","@id":"https:\/\/www.realisaprint.es\/actualidad\/#website","url":"https:\/\/www.realisaprint.es\/actualidad\/","name":"El Blog Realisaprint","description":"","potentialAction":[{"@type":"SearchAction","target":{"@type":"EntryPoint","urlTemplate":"https:\/\/www.realisaprint.es\/actualidad\/?s={search_term_string}"},"query-input":{"@type":"PropertyValueSpecification","valueRequired":true,"valueName":"search_term_string"}}],"inLanguage":"es-ES"},{"@type":"Person","@id":"https:\/\/www.realisaprint.es\/actualidad\/#\/schema\/person\/4c58013a27b2c79c7c439d3ad2372f15","name":"Aroa","image":{"@type":"ImageObject","inLanguage":"es-ES","@id":"https:\/\/www.realisaprint.es\/actualidad\/#\/schema\/person\/image\/","url":"https:\/\/secure.gravatar.com\/avatar\/c5ff172023cb07b70fe37388c0c76ee6?s=96&d=mm&r=g","contentUrl":"https:\/\/secure.gravatar.com\/avatar\/c5ff172023cb07b70fe37388c0c76ee6?s=96&d=mm&r=g","caption":"Aroa"},"sameAs":["https:\/\/www.instagram.com\/realisaprint.es\/","https:\/\/www.linkedin.com\/company\/realisaprint-es\/","https:\/\/x.com\/realisaprintES"],"url":"https:\/\/www.realisaprint.es\/actualidad\/author\/redacteur\/"}]}},"_links":{"self":[{"href":"https:\/\/www.realisaprint.es\/actualidad\/wp-json\/wp\/v2\/posts\/1212"}],"collection":[{"href":"https:\/\/www.realisaprint.es\/actualidad\/wp-json\/wp\/v2\/posts"}],"about":[{"href":"https:\/\/www.realisaprint.es\/actualidad\/wp-json\/wp\/v2\/types\/post"}],"author":[{"embeddable":true,"href":"https:\/\/www.realisaprint.es\/actualidad\/wp-json\/wp\/v2\/users\/2"}],"replies":[{"embeddable":true,"href":"https:\/\/www.realisaprint.es\/actualidad\/wp-json\/wp\/v2\/comments?post=1212"}],"version-history":[{"count":17,"href":"https:\/\/www.realisaprint.es\/actualidad\/wp-json\/wp\/v2\/posts\/1212\/revisions"}],"predecessor-version":[{"id":3281,"href":"https:\/\/www.realisaprint.es\/actualidad\/wp-json\/wp\/v2\/posts\/1212\/revisions\/3281"}],"wp:featuredmedia":[{"embeddable":true,"href":"https:\/\/www.realisaprint.es\/actualidad\/wp-json\/wp\/v2\/media\/1214"}],"wp:attachment":[{"href":"https:\/\/www.realisaprint.es\/actualidad\/wp-json\/wp\/v2\/media?parent=1212"}],"wp:term":[{"taxonomy":"category","embeddable":true,"href":"https:\/\/www.realisaprint.es\/actualidad\/wp-json\/wp\/v2\/categories?post=1212"},{"taxonomy":"post_tag","embeddable":true,"href":"https:\/\/www.realisaprint.es\/actualidad\/wp-json\/wp\/v2\/tags?post=1212"}],"curies":[{"name":"wp","href":"https:\/\/api.w.org\/{rel}","templated":true}]}}